{"id":4839,"date":"2021-09-20T16:13:15","date_gmt":"2021-09-20T14:13:15","guid":{"rendered":"https:\/\/blog.ilgiornale.it\/locati\/?p=4839"},"modified":"2021-09-20T16:24:28","modified_gmt":"2021-09-20T14:24:28","slug":"i-morti-da-covid-sono-piu-dellanno-scorso-perche-non-se-ne-parla","status":"publish","type":"post","link":"https:\/\/blog.ilgiornale.it\/locati\/2021\/09\/20\/i-morti-da-covid-sono-piu-dellanno-scorso-perche-non-se-ne-parla\/","title":{"rendered":"I morti da Covid sono pi\u00f9 dell&#8217;anno scorso. Perch\u00e8 non se ne parla?"},"content":{"rendered":"<p><a href=\"https:\/\/blog.ilgiornale.it\/locati\/files\/2021\/09\/grafici.jpg\"><img loading=\"lazy\" class=\"alignleft size-medium wp-image-4844\" src=\"https:\/\/blog.ilgiornale.it\/locati\/files\/2021\/09\/grafici-300x132.jpg\" alt=\"\" width=\"300\" height=\"132\" srcset=\"https:\/\/blog.ilgiornale.it\/locati\/files\/2021\/09\/grafici-300x132.jpg 300w, https:\/\/blog.ilgiornale.it\/locati\/files\/2021\/09\/grafici.jpg 596w\" sizes=\"(max-width: 300px) 100vw, 300px\" \/><\/a>Quanto si muore oggi per Covid in Italia? Cerchiamo di capirlo da diverse fonti.<\/p>\n<p><b>Morti per tutte le cause<\/b><\/p>\n<p>L\u2019anno non si \u00e8 ancora concluso perci\u00f2 <b>l\u2019Istat<\/b> ci permette di confrontare soltanto i mesi da gennaio a giugno dei due anni 2020 e 2021. Cliccate <a href=\"https:\/\/www.istat.it\/it\/archivio\/240401\">qui<\/a> su \u201cdecessi anni 2011-2021\u201d e poi scaricate la \u201cTavola decessi totali regionali\u201d. Sono i morti per tutte le cause. Emerge un eccesso di ben 15.752 morti nei primi 5 mesi del 2020. <i>Ma questo lo sapevamo gi\u00e0.\u00a0<\/i><\/p>\n<p>Da gennaio a giugno 2020 sono morte 378.428 persone<\/p>\n<p><span style=\"font-weight: 400\">Da gennaio a giugno 2021 sono morte 362.676 persone.<\/span><\/p>\n<p><b>Morti per Covid<\/b><\/p>\n<p><b>L\u2019ISS<\/b> e il sito internazionale <b>Our World in data<\/b> ci permettono di calcolare i morti da Covid. Per avere i dati giornalieri cliccate sul sito dell\u2019ISS, <a href=\"https:\/\/www.epicentro.iss.it\/coronavirus\/sars-cov-2-dashboard\">qui<\/a>, quindi aprite \u201cCovid 19 ISS open data\u201d. Appare un file excel che va convertito in numeri. Ci ha aiutato <b>Stefano Petti<\/b> che ha generato per noi un file con i dati degli ultimi mesi, dal 16 giugno al 16 settembre. Numeri confrontabili con lo stesso periodo del 2020. Petti ha utilizzato due metodi diversi, contraddistinti dagli asterischi. Accanto vedete i suoi grafici che mostrano la curva dei decessi giornalieri, li ho allegati anche come immagini. Qui trovate il file generato da Petti: <a href=\"https:\/\/blog.ilgiornale.it\/locati\/files\/2021\/09\/mortalitaCovidItaliaGiugnoSettembre-2.pdf\">mortalit\u00e0CovidItaliaGiugnoSettembre<\/a><\/p>\n<p><b>Sintesi dati ISS<\/b><\/p>\n<p>Dal 16\/6\/<b>20<\/b> al 17\/9\/<b>20<\/b> (93 giorni) sono morte 1.101 persone.<\/p>\n<p><span style=\"font-weight: 400\">Dal 17\/6\/<\/span><b>21<\/b><span style=\"font-weight: 400\"> al 17\/9\/<\/span><b>21<\/b><span style=\"font-weight: 400\"> (93 giorni) sono morte 2.508 persone.\u00a0<\/span><\/p>\n<p><i>Quest\u2019anno, negli stessi 93 giorni, abbiamo avuto 1.407 decessi in pi\u00f9.<\/i><\/p>\n<p><i>Negli ultimi 30 giorni i decessi in pi\u00f9 rispetto all\u2019anno scorso sono stati 1.097.<\/i><\/p>\n<p><b>Sintesi dati Our Worl in data<\/b><\/p>\n<p>La tabella allegata come immagine riporta i dati sulla mortalit\u00e0 tratti dal sito <b>Our World in data, <\/b><a href=\"https:\/\/ourworldindata.org\/covid-deaths\">qui<\/a><b>, <\/b>e mostra l\u2019andamento della prima settimana di settembre in vari Paesi. (Ci si muove facilmente sul sito spostando il mouse, esempio: dove appare \u201cmetric\u201d lasciare \u201cconfirmed deaths\u201d e su \u201cinterval\u201d inserire \u201cweekly\u201d, dopo si regola la striscia blu in basso per spostare le date. Sulla sinistra si sceglie il Paese).<\/p>\n<p>Nella prima colonna della tabella allegata compare la percentuale delle persone vaccinate al 10 settembre, cliccate <a href=\"https:\/\/ourworldindata.org\/covid-vaccinations\">qui<\/a>; nella seconda e nella terza il confronto tra il tasso di mortalit\u00e0 settimanale del 2020 con quello del 2021. Nella quarta, l\u2019ultima colonna, la percentuale di crescita dei decessi calcolata per noi da Stefano Petti.<\/p>\n<p><b>Cosa emerge<\/b><\/p>\n<p>La mortalit\u00e0 da Covid \u00e8 aumentata in tutti i Paesi rispetto a un anno fa, tranne che in Polonia e in Repubblica Ceca. Solo in Svezia \u00e8 rimasta stabile. \u00c8 poi diminuita in quasi tutti i Paesi del Sud America (in settembre per loro \u00e8 piena estate) mentre \u00e8 aumentata in Asia, Africa, Oceania e Nord America.<\/p>\n<p><i><span style=\"font-weight: 400\">Guardiamo l\u2019Italia: la mortalit\u00e0 \u00e8 passata da 1,5 a 6,9 per milione (!). Significa che \u00e8 pi\u00f9 che quadruplicata. Nel Regno Unito \u00e8 aumentata di 10 volte: nel 2020 era 1,1 su milione di abitanti e oggi \u00e8 di 14,4. <\/span><\/i><span style=\"font-weight: 400\">Il triste primato spetta alla Lituania: il tasso di mortalit\u00e0 \u00e8 passato da 0,3 decessi per milione di abitanti a 26,4 per milione.<\/span><\/p>\n<p>Si obietter\u00e0 che questi sono i dati di una settimana di settembre. E che non \u00e8 detto che l\u2019andamento delle prossime settimane rispecchi questo tragico trend (ce lo auguriamo!). Secondo Petti in questo momento \u201c\u00e8 difficile fare previsioni per il prossimo inverno\u201d.<\/p>\n<p><i>Tuttavia ci si chiede come mai nessuno faccia notare che abbiamo 4 volte i decessi dell\u2019anno scorso visto che tutti i giorni il numero dei morti (giornaliero) da Covid compare fra le notizie dei telegiornale.\u00a0<\/i><\/p>\n<p><i><span style=\"font-weight: 400\">Cercher\u00f2 di informarvi quanto prima sulla percentuali di vaccinati e non vaccinati fra i deceduti.\u00a0<\/span><\/i><\/p>\n<p><a href=\"https:\/\/blog.ilgiornale.it\/locati\/files\/2021\/09\/dati.png\"><img loading=\"lazy\" class=\"alignleft size-medium wp-image-4840\" src=\"https:\/\/blog.ilgiornale.it\/locati\/files\/2021\/09\/dati-300x187.png\" alt=\"\" width=\"300\" height=\"187\" srcset=\"https:\/\/blog.ilgiornale.it\/locati\/files\/2021\/09\/dati-300x187.png 300w, https:\/\/blog.ilgiornale.it\/locati\/files\/2021\/09\/dati-768x480.png 768w, https:\/\/blog.ilgiornale.it\/locati\/files\/2021\/09\/dati.png 895w\" sizes=\"(max-width: 300px) 100vw, 300px\" \/><\/a><\/p>\n","protected":false},"excerpt":{"rendered":"<p><p>Quanto si muore oggi per Covid in Italia? Cerchiamo di capirlo da diverse fonti. Morti per tutte le cause L\u2019anno non si \u00e8 ancora concluso perci\u00f2 l\u2019Istat ci permette di confrontare soltanto i mesi da gennaio a giugno dei due anni 2020 e 2021. Cliccate qui su \u201cdecessi anni 2011-2021\u201d e poi scaricate la \u201cTavola decessi totali regionali\u201d. Sono i morti per tutte le cause. Emerge un eccesso di ben 15.752 morti nei primi 5 mesi del 2020. Ma questo lo sapevamo gi\u00e0.\u00a0 Da gennaio a giugno 2020 sono morte 378.428 persone Da gennaio a giugno 2021 sono morte 362.676 [&hellip;]<\/p>\n&nbsp;&nbsp;<div class=\"readmore\"><a href=\"https:\/\/blog.ilgiornale.it\/locati\/2021\/09\/20\/i-morti-da-covid-sono-piu-dellanno-scorso-perche-non-se-ne-parla\/\">Continua a leggere...<\/a><\/div><\/p>","protected":false},"author":992,"featured_media":0,"comment_status":"open","ping_status":"closed","sticky":false,"template":"","format":"standard","meta":[],"categories":[387565],"tags":[416994,404980,405006],"_links":{"self":[{"href":"https:\/\/blog.ilgiornale.it\/locati\/wp-json\/wp\/v2\/posts\/4839"}],"collection":[{"href":"https:\/\/blog.ilgiornale.it\/locati\/wp-json\/wp\/v2\/posts"}],"about":[{"href":"https:\/\/blog.ilgiornale.it\/locati\/wp-json\/wp\/v2\/types\/post"}],"author":[{"embeddable":true,"href":"https:\/\/blog.ilgiornale.it\/locati\/wp-json\/wp\/v2\/users\/992"}],"replies":[{"embeddable":true,"href":"https:\/\/blog.ilgiornale.it\/locati\/wp-json\/wp\/v2\/comments?post=4839"}],"version-history":[{"count":7,"href":"https:\/\/blog.ilgiornale.it\/locati\/wp-json\/wp\/v2\/posts\/4839\/revisions"}],"predecessor-version":[{"id":4851,"href":"https:\/\/blog.ilgiornale.it\/locati\/wp-json\/wp\/v2\/posts\/4839\/revisions\/4851"}],"wp:attachment":[{"href":"https:\/\/blog.ilgiornale.it\/locati\/wp-json\/wp\/v2\/media?parent=4839"}],"wp:term":[{"taxonomy":"category","embeddable":true,"href":"https:\/\/blog.ilgiornale.it\/locati\/wp-json\/wp\/v2\/categories?post=4839"},{"taxonomy":"post_tag","embeddable":true,"href":"https:\/\/blog.ilgiornale.it\/locati\/wp-json\/wp\/v2\/tags?post=4839"}],"curies":[{"name":"wp","href":"https:\/\/api.w.org\/{rel}","templated":true}]}}