{"id":4911,"date":"2021-12-02T16:28:40","date_gmt":"2021-12-02T15:28:40","guid":{"rendered":"https:\/\/blog.ilgiornale.it\/locati\/?p=4911"},"modified":"2021-12-02T17:57:53","modified_gmt":"2021-12-02T16:57:53","slug":"troppe-morti-in-eccesso-fra-i-giovani","status":"publish","type":"post","link":"https:\/\/blog.ilgiornale.it\/locati\/2021\/12\/02\/troppe-morti-in-eccesso-fra-i-giovani\/","title":{"rendered":"\u201cTroppe morti in eccesso fra i giovani\u201d"},"content":{"rendered":"<p>Dall\u2019inizio della pandemia siamo stati abituati a ricevere ogni direttiva sanitaria dal <b>Cts<\/b>, il Comitato di tecnici che orienta il governo sul da farsi. Da come affrontare la malattia a quali farmaci privilegiare o scartare, fino alla distribuzione dei vaccini. In mezzo ci sono state decine di ricorsi e contro ricorsi: esposti di medici in disaccordo con le linee guida del Cts (si pensi all\u2019 inusuale proibizione di prescrivere idrossiclorochina ai malati, cliccate <a href=\"https:\/\/blog.ilgiornale.it\/locati\/2020\/12\/07\/cosi-lidrossiclorochina-finisce-al-consiglio-di-stato\/\">qui<\/a>, o alla abusata raccomandazione di attendere in maniera vigile il pericoloso aggravarsi dei sintomi).<\/p>\n<p>Ma \u00e8 emerso anche un imprecisato numero di contraddizioni nelle direttive dello stesso Cts. Si pensi alla percentuale di vaccinati necessaria all\u2019immunit\u00e0 di gregge diventata sempre pi\u00f9 alta con il trascorrere dei mesi (60%; 70%; 80%; 90%; 95%; 100% fino all\u2019ammissione dei Presidenti di ISS e Aifa, \u201cl\u2019immunit\u00e0 di gregge \u00e8 impossibile da raggiungersi\u201d); ai vaccini che erano stati presentati come \u201csterilizzanti\u201d (tali da impedire i contagi) e ora non lo sono pi\u00f9; o alla situazione di queste settimane: il virus, con le sue varianti, dilaga in Europa colpendo anche chi ha ricevuto da due a tre dosi di vaccino. E nonostante ci\u00f2 si continua a sostenere che \u201cchi ha il green pass \u00e8 sicuro\u201d.<\/p>\n<p>Oggi, come due anni fa, le decisioni sanitarie dipendono sempre dal Cts. Con un\u2019importante differenza per\u00f2: <i>i medici che non sono d\u2019accordo si sono riuniti in una Commissione Medico-Scientifica (CMS) indipendente.\u00a0<\/i><\/p>\n<p><b><br \/>\nChi sono<\/b><\/p>\n<p><b>Alberto Donzelli,<\/b> specialista in Medicina preventiva, gi\u00e0 membro del Consiglio superiore di Sanit\u00e0; <b>Paolo Bellavite, <\/b>gi\u00e0 professore di Patologia Generale all\u2019Universit\u00e0 di Verona e autore di 250 pubblicazioni scientifiche; <b>Marco Cosentino,<\/b> docente di Farmacologia all\u2019Universit\u00e0 Insubria; <b>Giovanni Frajese<\/b>, endocrinologo, docente all\u2019Universit\u00e0 di Roma, Foro italico; <b>Patrizia Gentilini, <\/b>oncologa; <b>Eugenio Serravalle,<\/b> pediatra e presidente dell\u2019Associazione studi scientifici e informazioni sulla salute.<\/p>\n<p><b><br \/>\nCosa chiedono\u00a0<\/b><\/p>\n<p>Un confronto urgente con il Cts, oltre che con l\u2019Istituto Superiore di Sanit\u00e0. Cinque i punti da discutere con priorit\u00e0.<\/p>\n<ol>\n<li style=\"font-weight: 400\"><span style=\"font-weight: 400\">Andamento della mortalit\u00e0 totale del 2021 rispetto al 2020 e precedenti. Guardando ai dati Euromomo, cliccate <\/span><a href=\"https:\/\/www.euromomo.eu\/graphs-and-maps\"><span style=\"font-weight: 400\">qui<\/span><\/a><span style=\"font-weight: 400\">, emerge <i>un aumento di mortalit\u00e0 inspiegabile fra i giovani e gli adulti.<\/i> L\u2019impennata riguarda tutte le et\u00e0 dai 15 anni ai 74 mentre l\u2019atteso vantaggio del 2021 sul 2020 si conferma solo dai 75 anni in su. L\u2019eccesso di mortalit\u00e0 \u00e8 particolarmente evidente dai 15 ai 44 anni e anche l\u2019Italia pare che non faccia eccezione. \u201c<i>Ed \u00e8 tanto pi\u00f9 sorprendente &#8211; <\/i>fanno notare gli studiosi<i> &#8211; poich\u00e9 si verifica dopo un decennio di calo della mortalit\u00e0 generale per tutte le cause in questa fascia di et\u00e0<\/i>\u201d.<\/span><\/li>\n<li style=\"font-weight: 400\"><span style=\"font-weight: 400\">Dati sull\u2019efficacia dei vaccini nel prevenire l\u2019infezione. Ottima nei primi mesi, mediocre a sei mesi, minima e perfino negativa nei mesi successivi. Tema centrale in questo periodo poich\u00e9 ci si affida al lasciapassare verde per entrare in locali affollati e spostarsi, a fronte di prove inadeguate.<\/span><\/li>\n<li style=\"font-weight: 400\"><span style=\"font-weight: 400\">Bilancio tra benefici e rischi della vaccinazione pediatrica. I bambini che si ammalano lo fanno di norma in modo lieve e sviluppano un\u2019immunit\u00e0 pi\u00f9 robusta e duratura rispetto ai vaccinati, nell\u2019interesse proprio, dei familiari e della comunit\u00e0. Il rapporto rischi-benefici pende nettamente dalla parte dei rischi.<\/span><\/li>\n<li style=\"font-weight: 400\"><span style=\"font-weight: 400\">Dati sulla popolazione non vaccinata e rischi relativi sulle infezioni nelle comunit\u00e0.<\/span><\/li>\n<li style=\"font-weight: 400\"><span style=\"font-weight: 400\">Sorveglianza attiva anzich\u00e9 solo passiva per stimare in modo corretto le reazioni avverse post vaccinazione che la sorveglianza passiva sottostima di due ordini di grandezza.<\/span><\/li>\n<\/ol>\n<p><b><br \/>\nL\u2019ultima ferma richiesta<\/b><\/p>\n<p>Vista \u201cl\u2019accelerazione con cui si susseguono decisioni ad altissimo impatto sanitario\u201d la nuova Commissione Medico-Scientifica rileva \u201cl\u2019assemza di un dibattito che riguardi i fondamenti scientifici\u201d di queste decisioni.<\/p>\n<p>Di fatto molte richieste di confronto sono gi\u00e0 state inviate. Ha precisato Donzelli: \u201cMolti di noi, all\u2019interno di proprie associazioni o Reti, ha inoltrato appelli e Pec in questi mesi, ma senza ottenere risposte. Ora promuoveremo conferenze e apriremo dibattiti. Ci riconosciamo nel metodo scientifico, <i>facciamo parte della comunit\u00e0 scientifica, abbiamo contributi da dare e chiediamo di poterne discutere\u201d.<\/i><\/p>\n<p>&nbsp;<\/p>\n","protected":false},"excerpt":{"rendered":"<p><p>Dall\u2019inizio della pandemia siamo stati abituati a ricevere ogni direttiva sanitaria dal Cts, il Comitato di tecnici che orienta il governo sul da farsi. Da come affrontare la malattia a quali farmaci privilegiare o scartare, fino alla distribuzione dei vaccini. In mezzo ci sono state decine di ricorsi e contro ricorsi: esposti di medici in disaccordo con le linee guida del Cts (si pensi all\u2019 inusuale proibizione di prescrivere idrossiclorochina ai malati, cliccate qui, o alla abusata raccomandazione di attendere in maniera vigile il pericoloso aggravarsi dei sintomi). Ma \u00e8 emerso anche un imprecisato numero di contraddizioni nelle direttive dello [&hellip;]<\/p>\n&nbsp;&nbsp;<div class=\"readmore\"><a href=\"https:\/\/blog.ilgiornale.it\/locati\/2021\/12\/02\/troppe-morti-in-eccesso-fra-i-giovani\/\">Continua a leggere...<\/a><\/div><\/p>","protected":false},"author":992,"featured_media":0,"comment_status":"open","ping_status":"closed","sticky":false,"template":"","format":"standard","meta":[],"categories":[387565],"tags":[404817,417013,417014,60839,417017,417016,184103,417015,417018,117954,77241],"_links":{"self":[{"href":"https:\/\/blog.ilgiornale.it\/locati\/wp-json\/wp\/v2\/posts\/4911"}],"collection":[{"href":"https:\/\/blog.ilgiornale.it\/locati\/wp-json\/wp\/v2\/posts"}],"about":[{"href":"https:\/\/blog.ilgiornale.it\/locati\/wp-json\/wp\/v2\/types\/post"}],"author":[{"embeddable":true,"href":"https:\/\/blog.ilgiornale.it\/locati\/wp-json\/wp\/v2\/users\/992"}],"replies":[{"embeddable":true,"href":"https:\/\/blog.ilgiornale.it\/locati\/wp-json\/wp\/v2\/comments?post=4911"}],"version-history":[{"count":9,"href":"https:\/\/blog.ilgiornale.it\/locati\/wp-json\/wp\/v2\/posts\/4911\/revisions"}],"predecessor-version":[{"id":4920,"href":"https:\/\/blog.ilgiornale.it\/locati\/wp-json\/wp\/v2\/posts\/4911\/revisions\/4920"}],"wp:attachment":[{"href":"https:\/\/blog.ilgiornale.it\/locati\/wp-json\/wp\/v2\/media?parent=4911"}],"wp:term":[{"taxonomy":"category","embeddable":true,"href":"https:\/\/blog.ilgiornale.it\/locati\/wp-json\/wp\/v2\/categories?post=4911"},{"taxonomy":"post_tag","embeddable":true,"href":"https:\/\/blog.ilgiornale.it\/locati\/wp-json\/wp\/v2\/tags?post=4911"}],"curies":[{"name":"wp","href":"https:\/\/api.w.org\/{rel}","templated":true}]}}