{"id":5053,"date":"2022-04-06T16:15:45","date_gmt":"2022-04-06T14:15:45","guid":{"rendered":"https:\/\/blog.ilgiornale.it\/locati\/?p=5053"},"modified":"2022-04-07T08:29:47","modified_gmt":"2022-04-07T06:29:47","slug":"bambini-piu-vaccinati-ma-piu-infettati-ecco-i-dati","status":"publish","type":"post","link":"https:\/\/blog.ilgiornale.it\/locati\/2022\/04\/06\/bambini-piu-vaccinati-ma-piu-infettati-ecco-i-dati\/","title":{"rendered":"Bambini pi\u00f9 vaccinati ma pi\u00f9 infettati, ecco i dati"},"content":{"rendered":"<p class=\"p2\"><span class=\"s1\">Vi invito a leggere l\u2019articolo apparso ieri sul portale Assis. <a href=\"https:\/\/www.assis.it\/non-bastano-questi-dati-per-interrompere-subito-le-vaccinazioni-anti-covid-ai-bambini\/\">Qui<\/a>. Il pediatra <\/span><strong><span class=\"s2\">Eugenio Serravalle<\/span><\/strong><span class=\"s1\"> ha pubblicato i dati dell\u2019Istituto Superiore di Sanit\u00e0 (ISS) riferiti alle prime tre settimane di vaccinazioni dei bambini dai 5 agli 11 anni.<\/span><\/p>\n<p class=\"p2\"><span class=\"s1\">L\u2019ultimo report ISS del 30 marzo, <a href=\"https:\/\/www.epicentro.iss.it\/coronavirus\/bollettino\/Bollettino-sorveglianza-integrata-COVID-19_30-marzo-2022.pdf\">qui<\/a>, conferma un aspetto gi\u00e0 evidente nella seconda settimana (ma in percentuali pi\u00f9 basse): <strong>fra i bambini vaccinati con ciclo completo i casi di infezione da Covid sono il 19% in pi\u00f9 rispetto ai bambini non vaccinati<\/strong>.<\/span><\/p>\n<p class=\"p2\"><span class=\"s1\">L\u2019ISS si limita a pubblicare i dati crudi e in numero assoluto.<\/span><\/p>\n<p class=\"p2\"><span class=\"s1\">Sono le percentuali a mostrare l\u2019impennata. <\/span><\/p>\n<p class=\"p2\"><strong><span class=\"s2\">I dati<\/span><\/strong><\/p>\n<p class=\"p2\"><span class=\"s1\">Da tabella allegata: il 30 marzo i bambini non vaccinati erano 2.304.415, di questi se ne sono ammalati 104.470: il 4,53%.<\/span><\/p>\n<p class=\"p2\"><span class=\"s1\">Alla stessa data i vaccinati con ciclo completo, da meno di 120 giorni, erano 1.102.125, di questi se ne sono ammalati 59.513: il 5,39%.<\/span><\/p>\n<p class=\"p2\"><span class=\"s1\">Ecco che la differenza fra i due gruppi \u00e8 del 19%. <strong>Significa che fra i vaccinati a ciclo completo si sono verificate il 19% di infezioni (casi positivi al virus) in pi\u00f9 che tra i non vaccinati.<\/strong><\/span><\/p>\n<p class=\"p2\"><span class=\"s1\">Scorrendo i report si nota, tuttavia, che i bambini vaccinati con una sola dose (ciclo incompleto) mostrano un\u2019incidenza di malattia minore rispetto ai non vaccinati, ma &#8211; chiarisce Serravalle &#8211; va considerato che i bambini vaccinati non sono considerati tali fino al 14esimo giorno dalla inoculazione e che perci\u00f2, per due settimane, tutti gli eventi avversi, e in particolare le infezioni da Covid, non sono computate fra \u201ci vaccinati con ciclo incompleto\u201d ma caricate tra i \u201cnon vaccinati\u201d. \u201cAndrebbe chiarito quanto pesi questa regola estremamente discutibile\u201d.<\/span><\/p>\n<p class=\"p2\"><strong><span class=\"s2\">Si ammalano di pi\u00f9 i vaccinati anche negli Usa<\/span><\/strong><\/p>\n<p class=\"p2\"><span class=\"s1\">Commenta Serravalle: \u201cQuesti dati sono coerenti con la <a href=\"https:\/\/www.medrxiv.org\/content\/10.1101\/2022.02.25.22271454v1\">ricerca nello Stato di New York<\/a> che rileva come, dopo poco pi\u00f9 di un mese dalla doppia dose, la protezione nei bambini di 5-11 anni scenda a \u2013 30% sotto il livello dei non vaccinati\u201d.<\/span><\/p>\n<p class=\"p2\"><strong><span class=\"s2\">E l\u2019aumento dei casi gravi? <\/span><\/strong><\/p>\n<p class=\"p2\"><span class=\"s1\">L\u2019analisi condotta dalla CMSi (Commissione Medico Scientifica indipendente) mostra anche un altro importante aspetto: <\/span><span class=\"s1\">sembrano in aumento i casi severi di COVID-19 in corrispondenza delle campagne vaccinali. <\/span><\/p>\n<p class=\"p2\"><span class=\"s1\">I casi gravi in associazione con l\u2019inizio delle vaccinazioni e con i booster emergono dai grafici elaborati da <strong>Luca Orlando<\/strong> (collaboratore della CMSi) sui dati trasmessi giornalmente dall\u2019Istituto Superiore di Sanit\u00e0. <a href=\"https:\/\/www.assis.it\/non-bastano-questi-dati-per-interrompere-subito-le-vaccinazioni-anti-covid-ai-bambini\/\">Qui<\/a>.<\/span><\/p>\n<p class=\"p2\"><span class=\"s1\">Perci\u00f2 la Commissione CMSi ribadisce l\u2019urgenza di una <a href=\"https:\/\/www.assis.it\/proposta-di-moratoria-sulla-vaccinazione-dei-bambini-contro-la-covid-19\/\">moratoria<\/a> delle vaccinazioni anti COVID nei bambini. Qui l\u2019elenco dei <a href=\"https:\/\/cmsindipendente.it\/vaccinazionipediatrichecovid\/24motiviperdireNO\">24 motivi<\/a> che invitano alla prudenza.<\/span><\/p>\n<p><a href=\"https:\/\/blog.ilgiornale.it\/locati\/files\/2022\/04\/C42FE8EB-4ABB-47EE-8F14-A60B9FE4F3B2.jpeg\"><img loading=\"lazy\" class=\"alignleft size-medium wp-image-5054\" src=\"https:\/\/blog.ilgiornale.it\/locati\/files\/2022\/04\/C42FE8EB-4ABB-47EE-8F14-A60B9FE4F3B2-300x117.jpeg\" alt=\"\" width=\"300\" height=\"117\" srcset=\"https:\/\/blog.ilgiornale.it\/locati\/files\/2022\/04\/C42FE8EB-4ABB-47EE-8F14-A60B9FE4F3B2-300x117.jpeg 300w, https:\/\/blog.ilgiornale.it\/locati\/files\/2022\/04\/C42FE8EB-4ABB-47EE-8F14-A60B9FE4F3B2.jpeg 694w\" sizes=\"(max-width: 300px) 100vw, 300px\" \/><\/a><\/p>\n","protected":false},"excerpt":{"rendered":"<p><p>Vi invito a leggere l\u2019articolo apparso ieri sul portale Assis. Qui. Il pediatra Eugenio Serravalle ha pubblicato i dati dell\u2019Istituto Superiore di Sanit\u00e0 (ISS) riferiti alle prime tre settimane di vaccinazioni dei bambini dai 5 agli 11 anni. L\u2019ultimo report ISS del 30 marzo, qui, conferma un aspetto gi\u00e0 evidente nella seconda settimana (ma in percentuali pi\u00f9 basse): fra i bambini vaccinati con ciclo completo i casi di infezione da Covid sono il 19% in pi\u00f9 rispetto ai bambini non vaccinati. L\u2019ISS si limita a pubblicare i dati crudi e in numero assoluto. Sono le percentuali a mostrare l\u2019impennata. I [&hellip;]<\/p>\n&nbsp;&nbsp;<div class=\"readmore\"><a href=\"https:\/\/blog.ilgiornale.it\/locati\/2022\/04\/06\/bambini-piu-vaccinati-ma-piu-infettati-ecco-i-dati\/\">Continua a leggere...<\/a><\/div><\/p>","protected":false},"author":992,"featured_media":0,"comment_status":"open","ping_status":"closed","sticky":false,"template":"","format":"standard","meta":[],"categories":[77194],"tags":[417072,417073,60839,417074],"_links":{"self":[{"href":"https:\/\/blog.ilgiornale.it\/locati\/wp-json\/wp\/v2\/posts\/5053"}],"collection":[{"href":"https:\/\/blog.ilgiornale.it\/locati\/wp-json\/wp\/v2\/posts"}],"about":[{"href":"https:\/\/blog.ilgiornale.it\/locati\/wp-json\/wp\/v2\/types\/post"}],"author":[{"embeddable":true,"href":"https:\/\/blog.ilgiornale.it\/locati\/wp-json\/wp\/v2\/users\/992"}],"replies":[{"embeddable":true,"href":"https:\/\/blog.ilgiornale.it\/locati\/wp-json\/wp\/v2\/comments?post=5053"}],"version-history":[{"count":3,"href":"https:\/\/blog.ilgiornale.it\/locati\/wp-json\/wp\/v2\/posts\/5053\/revisions"}],"predecessor-version":[{"id":5057,"href":"https:\/\/blog.ilgiornale.it\/locati\/wp-json\/wp\/v2\/posts\/5053\/revisions\/5057"}],"wp:attachment":[{"href":"https:\/\/blog.ilgiornale.it\/locati\/wp-json\/wp\/v2\/media?parent=5053"}],"wp:term":[{"taxonomy":"category","embeddable":true,"href":"https:\/\/blog.ilgiornale.it\/locati\/wp-json\/wp\/v2\/categories?post=5053"},{"taxonomy":"post_tag","embeddable":true,"href":"https:\/\/blog.ilgiornale.it\/locati\/wp-json\/wp\/v2\/tags?post=5053"}],"curies":[{"name":"wp","href":"https:\/\/api.w.org\/{rel}","templated":true}]}}