{"id":5214,"date":"2022-12-02T14:08:12","date_gmt":"2022-12-02T13:08:12","guid":{"rendered":"https:\/\/blog.ilgiornale.it\/locati\/?p=5214"},"modified":"2022-12-02T14:08:12","modified_gmt":"2022-12-02T13:08:12","slug":"la-corte-e-per-lobbligo-dunque","status":"publish","type":"post","link":"https:\/\/blog.ilgiornale.it\/locati\/2022\/12\/02\/la-corte-e-per-lobbligo-dunque\/","title":{"rendered":"La Corte \u00e8 per l\u2019obbligo, dunque ?"},"content":{"rendered":"<p>&nbsp;<\/p>\n<p>&nbsp;<\/p>\n<p class=\"p2\">\u00c8 stata una pronuncia <em>politica<\/em> quella della <strong>Corte Costituzionale<\/strong> arrivata ieri dopo lunga attesa. Sui quesiti posti dai vari tribunali riguardanti la legittimit\u00e0 costituzionale dell\u2019imposizioni delle vaccinazioni si potrebbe discutere tanto e approfonditamente come stanno facendo da giorni esimi giuristi.<\/p>\n<p class=\"p2\"><span class=\"s1\"><em>Il verdetto non ci stupisce<\/em>. Eravamo gi\u00e0 preparati a una politica strabordante e vuota. <i>La pretesa di infilarsi nelle vite di ciascuno con il ditino alzato per dirci ci\u00f2 che \u00e8 giusto e ci\u00f2 che \u00e8 sbagliato. E guai senn\u00f2. <\/i><\/span><\/p>\n<p class=\"p2\"><span class=\"s1\">E che dire<span class=\"Apple-converted-space\">\u00a0 <\/span>di quel senso di responsabilit\u00e0 che dovrebbe investire chi svolge un ruolo per la collettivit\u00e0? Un simulacro. Ecco perch\u00e9 eravamo preparati alla pronuncia di ieri. Pronuncia arrivata sotto forma di comunicato stringato (leggeremo in seguito le motivazioni).<\/span><\/p>\n<p class=\"p2\"><strong><span class=\"s1\">I presupposti\u00a0<\/span><\/strong><\/p>\n<p class=\"p2\"><span class=\"s1\">Ricordate la bimba ricoverata per un tetano che non era tetano e il tentativo di togliere la patria potest\u00e0 ai genitori? Fu tutto pi\u00f9 un clamore di telegiornali che di sostanza, la vicenda si risolse bene, nel silenzio, ma <em>il rumore serv\u00ec a creare il terreno adatto alla legge sull\u2019obbligo vaccinale nell\u2019infanzia.<\/em><\/span><\/p>\n<p class=\"p2\"><span class=\"s1\">Ricorderete anche i piccoli con leucemia morti di morbillo e sempre la politica pronta ad addossare la \u201ccolpa\u201d ai fratellini \u201cpericolosi no vax\u201d. Le accuse non furono motivate in un tribunale ma urlate sulla stampa, pessimo esempio di sciacallaggio e di scempio di sentimenti. Non ci fu alcun contagio da parte dei fratellini. Le scuse ? Non pervenute.<\/span><\/p>\n<p class=\"p2\"><span class=\"s1\">Si pu\u00f2 risalire ancora pi\u00f9 indietro. Al caso Stamina o alla vicenda Di Bella<b>.<\/b> Con la politica ad ammonirci \u201c<em>che i figli non sono nostri ma dello Stato<\/em>\u201d<span class=\"Apple-converted-space\">\u00a0 <\/span>e che, se non ce la si fa \u201ca gestire la malattia, c\u2019\u00e8 sempre l\u2019accompagnamento (alla morte)\u201d.<\/span><\/p>\n<p class=\"p2\"><span class=\"s1\">Eravamo preparati. <\/span><\/p>\n<p class=\"p2\"><span class=\"s1\">Eppure in <strong>Grecia<\/strong> l\u2019Alta corte ha formulato una sentenza opposta, l\u2019obbligo vaccinale per i sanitari \u00e8 incostituzionale &#8211; fa notare una lettrice &#8211; ed \u00e8 successo poche ore prima che da noi. <\/span><\/p>\n<p class=\"p2\"><span class=\"s1\">Si capisce che il popolo greco ha sofferto di pi\u00f9, spesso la strada del dolore \u00e8 una via obbligata.<\/span><\/p>\n<p class=\"p2\"><span class=\"s1\"><b>Aut aut. Accettare o obiettare<\/b><\/span><\/p>\n<p class=\"p2\"><span class=\"s1\">Che fare, dunque?<\/span><\/p>\n<p class=\"p2\"><span class=\"s1\">Alla prossima emergenza saremo allo stesso punto, costretti ad accettare un filotto di punture per poter lavorare o studiare. \u00c8 davvero cos\u00ec? <\/span><\/p>\n<p class=\"p2\"><span class=\"s1\">Si pu\u00f2 sempre praticare <strong>l\u2019obiezione di coscienza:<\/strong> come si faceva una volta per il servizio militare: o ci si rendeva utili alla societ\u00e0 o si imparava a maneggiare armi. O come fanno oggi i medici che scelgono di non praticare aborti oppure come quei malati che rifiutano le trasfusioni di sangue o, ancora, i musulmani che non consumano carne di maiale e si vedono riconosciuto il diritto nelle mense pubbliche. Si dice no. Sono no dettati dall\u2019obiezione di coscienza, supportati anche da leggi e da sentenze.<\/span><\/p>\n<p class=\"p2\"><span class=\"s1\">\u00c8 anche vero per\u00f2 che chi rifiuta i vaccini oggi perch\u00e9 <em>ne teme le conseguenze sulla propria salute o perch\u00e9 non vuole proteggersi con un farmaco coltivato su cellule fetali<\/em> ha vita pi\u00f9 difficile di un musulmano che respinge il prosciutto, \u00e8 il clima dettato dal nostro momento storico (<em>puoi cambiare sesso o abortire da bambino ma se non vuoi vaccinarti la pagherai\u2026<\/em>)<\/span><\/p>\n<p class=\"p2\"><span class=\"s1\">Non si<span class=\"Apple-converted-space\">\u00a0 <\/span>trovano pi\u00f9 istituzioni pubbliche disposte a rispettare il basilare diritto. Anni fa ci si poteva astenere dalle cosiddette vaccinazioni obbligatorie per l\u2019infanzia attraverso un iter, denominato obiezione di coscienza, proposto dal <a href=\"https:\/\/www.comilva.org\/lassociazione\/i-motivi-dellobiezione-di-coscienza\"><b>Comilva<\/b><\/a>. Lo Stato e le Asl prendevano atto della scelta e i bambini erano comunque accolti negli asili e nelle scuole. <i>Oggi, non solo si vieta il diritto all\u2019istruzione, ma le famiglie che compiono una scelta del genere vengono bullizzate e perseguitate.<\/i><\/span><\/p>\n<p class=\"p2\"><span class=\"s1\">Chi obietta ha vita difficile dovendo occuparsi dell\u2019istruzione dei figli, spesso ha anche da digerire il rimorso di far rinunciare loro uno sport di squadra. Deve essere pronto a ritirarsi dal lavoro, eventualmente anche prepararsi a ricorsi in tribunali, ergo: per dire questo no bisogna essere ricchi o perlomeno benestanti.<\/span><\/p>\n<p class=\"p2\"><span class=\"s1\">Ma si pu\u00f2 fare. Non c\u2019\u00e8 mai un\u2019alternativa sola. <\/span><\/p>\n<p class=\"p2\"><span class=\"s1\">Ps. importante, <i>l\u2019obiezione vale solo per chi una coscienza ce l\u2019ha.<\/i><\/span><\/p>\n","protected":false},"excerpt":{"rendered":"<p><p>&nbsp; &nbsp; \u00c8 stata una pronuncia politica quella della Corte Costituzionale arrivata ieri dopo lunga attesa. Sui quesiti posti dai vari tribunali riguardanti la legittimit\u00e0 costituzionale dell\u2019imposizioni delle vaccinazioni si potrebbe discutere tanto e approfonditamente come stanno facendo da giorni esimi giuristi. Il verdetto non ci stupisce. Eravamo gi\u00e0 preparati a una politica strabordante e vuota. La pretesa di infilarsi nelle vite di ciascuno con il ditino alzato per dirci ci\u00f2 che \u00e8 giusto e ci\u00f2 che \u00e8 sbagliato. E guai senn\u00f2. E che dire\u00a0 di quel senso di responsabilit\u00e0 che dovrebbe investire chi svolge un ruolo per la collettivit\u00e0? [&hellip;]<\/p>\n&nbsp;&nbsp;<div class=\"readmore\"><a href=\"https:\/\/blog.ilgiornale.it\/locati\/2022\/12\/02\/la-corte-e-per-lobbligo-dunque\/\">Continua a leggere...<\/a><\/div><\/p>","protected":false},"author":992,"featured_media":0,"comment_status":"open","ping_status":"closed","sticky":false,"template":"","format":"standard","meta":[],"categories":[77194],"tags":[417154,29622,58974,417153],"_links":{"self":[{"href":"https:\/\/blog.ilgiornale.it\/locati\/wp-json\/wp\/v2\/posts\/5214"}],"collection":[{"href":"https:\/\/blog.ilgiornale.it\/locati\/wp-json\/wp\/v2\/posts"}],"about":[{"href":"https:\/\/blog.ilgiornale.it\/locati\/wp-json\/wp\/v2\/types\/post"}],"author":[{"embeddable":true,"href":"https:\/\/blog.ilgiornale.it\/locati\/wp-json\/wp\/v2\/users\/992"}],"replies":[{"embeddable":true,"href":"https:\/\/blog.ilgiornale.it\/locati\/wp-json\/wp\/v2\/comments?post=5214"}],"version-history":[{"count":2,"href":"https:\/\/blog.ilgiornale.it\/locati\/wp-json\/wp\/v2\/posts\/5214\/revisions"}],"predecessor-version":[{"id":5216,"href":"https:\/\/blog.ilgiornale.it\/locati\/wp-json\/wp\/v2\/posts\/5214\/revisions\/5216"}],"wp:attachment":[{"href":"https:\/\/blog.ilgiornale.it\/locati\/wp-json\/wp\/v2\/media?parent=5214"}],"wp:term":[{"taxonomy":"category","embeddable":true,"href":"https:\/\/blog.ilgiornale.it\/locati\/wp-json\/wp\/v2\/categories?post=5214"},{"taxonomy":"post_tag","embeddable":true,"href":"https:\/\/blog.ilgiornale.it\/locati\/wp-json\/wp\/v2\/tags?post=5214"}],"curies":[{"name":"wp","href":"https:\/\/api.w.org\/{rel}","templated":true}]}}