{"id":5340,"date":"2023-09-12T21:45:30","date_gmt":"2023-09-12T19:45:30","guid":{"rendered":"https:\/\/blog.ilgiornale.it\/locati\/?p=5340"},"modified":"2023-09-12T21:45:30","modified_gmt":"2023-09-12T19:45:30","slug":"spiegateci-perche","status":"publish","type":"post","link":"https:\/\/blog.ilgiornale.it\/locati\/2023\/09\/12\/spiegateci-perche\/","title":{"rendered":"Spiegateci perch\u00e9"},"content":{"rendered":"<p class=\"p2\"><strong>Perch\u00e9<\/strong> dobbiamo vaccinare i nostri cari (fragili) con un vaccino che non \u00e8 formulato sulla nuova variante?<\/p>\n<p class=\"p2\"><span class=\"s1\"><strong>Perch\u00e9<\/strong> &#8211; mentre i <strong>CDC<\/strong> avvisavano di una nuova variante del Sars-Cov-2 in circolazione &#8211; la Commissione Europea ha approvato il nuovo vaccino contro una variante \u201cvecchia\u201d, gi\u00e0 ora poco diffusa?<\/span><\/p>\n<p class=\"p2\"><span class=\"s1\">Spiegateci perch\u00e9.<\/span><\/p>\n<p class=\"p2\"><span class=\"s1\">La settimana scorsa la Commissione europea ha approvato il vaccino contro Omicron XBB.1.5, detta anche <strong>Kraken<\/strong>. Notizia riportata da Reuters il 5 settembre. Cliccate <a href=\"https:\/\/www.medscape.com\/s\/viewarticle\/996052?ecd=mkm_ret_230912_mscpmrk-OUS_InFocus_etid5828992&amp;uac=36383CT&amp;impID=5828992\">qui<\/a>.<\/span><\/p>\n<p class=\"p2\"><span class=\"s1\">Il prodotto a mRna \u00e8 autorizzato per adulti, bambini e neonati dai sei mesi in su e verr\u00e0 somministrato anche insieme al vaccino anti-influenzale. <em>(Gli\u00a0studi sui benefici e o eventi avversi della co-somministrazione? Non pervenuti<\/em>\u2026)<\/span><\/p>\n<p class=\"p2\"><span class=\"s1\">Una dose basta, precisa <strong>Ema<\/strong>, sia per chi ne abbia fatte due, quattro, cinque o nessuna, e di qualsiasi brand.\u00a0<\/span><\/p>\n<p class=\"p2\"><span class=\"s1\">Il portale <em>Sanit\u00e0-informazione<\/em> il 7 settembre scriveva che la Kraken \u00e8 assai poco diffusa in Italia. Cliccate <a href=\"https:\/\/www.sanitainformazione.it\/salute\/covid-in-italia-prevale-eris-pronto-vaccino-contro-le-nuove-varianti\/#:~:text=Vaccino%20Moderna%20efficace%20contro%20Pirola,protegge%20contro%20Pirola%20e%20Eris.\">qui<\/a>. <\/span><\/p>\n<p class=\"p2\"><span class=\"s1\">Dai CDC intanto si apprende che la variante che sta circolando \u00e8 la BA.2.86 (identificata l\u2019ultima settimana di agosto e soprannominata <strong>Pirola<\/strong>) \u201cmolto diversa da quella presente nel vaccino\u201d, al punto da far ipotizzare gli esperti che la vaccinazione sar\u00e0 un fiasco (!).<\/span><\/p>\n<p class=\"p2\"><span class=\"s1\">Questo nuovo ceppo \u00e8 portatore di oltre 30 mutazioni, \u201csignifica che potrebbe comportarsi in modo molto diverso rispetto alle versioni precedenti del virus\u201d.<\/span><\/p>\n<p class=\"p2\"><span class=\"s1\">Leggete <a href=\"https:\/\/www.medscape.com\/s\/viewarticle\/995810?ecd=mkm_ret_230912_mscpmrk-OUS_InFocus_etid5828992&amp;uac=36383CT&amp;impID=5828992\">qui<\/a>. Le ipotesi sono diverse:<\/span><\/p>\n<p class=\"p2\"><span class=\"s1\">Si dice che Pirola potrebbe colpire di pi\u00f9,<\/span><\/p>\n<p class=\"p2\"><span class=\"s1\">che colpir\u00e0 in modo leggero, <\/span><\/p>\n<p class=\"p2\"><span class=\"s1\">che risponde alla cure (le cure!), <\/span><\/p>\n<p class=\"p2\"><span class=\"s1\">che non vi \u00e8 alcuna prova che causi una malattia pi\u00f9 grave, <\/span><\/p>\n<p class=\"p2\"><span class=\"s1\">che colpir\u00e0 di pi\u00f9 chi \u00e8 gi\u00e0 guarito, <\/span><\/p>\n<p class=\"p2\"><span class=\"s1\">che colpir\u00e0 di pi\u00f9 i vaccinati, <\/span><\/p>\n<p class=\"p2\"><span class=\"s1\">che \u00e8 simile a Omicron, <\/span><\/p>\n<p class=\"p2\"><span class=\"s1\">che \u00e8 un <em>deja vu.<\/em><\/span><\/p>\n<p class=\"p2\"><span class=\"s1\">Quindi la stessa agenzia (i CDC) riconosce che la nuova variante potrebbe eludere i vaccini (formulati su altre varianti).<\/span><\/p>\n<p>Diteci\u00a0<em>perch\u00e9 ora dobbiamo vaccinare i fragili, gli anziani, gli ospedalizzati, gli ospiti delle Rsa, con un vaccino superato, che non serve (dunque anche la risposta classica, \u201cevita la malattia grave\u201d, non vale).<\/em><\/p>\n<p class=\"p2\"><span class=\"s1\">Vorremmo una risposta dagli scienziati, altres\u00ec esseri umani in carne e ossa che lavorano per il bene della salute pubblica al Ministero.<\/span><\/p>\n<p class=\"p2\"><span class=\"s1\">Il nostro ringraziamento, nel frattempo, a <strong>Stefano Petti<\/strong> che ci ha segnalato le news.<\/span><\/p>\n","protected":false},"excerpt":{"rendered":"<p><p>Perch\u00e9 dobbiamo vaccinare i nostri cari (fragili) con un vaccino che non \u00e8 formulato sulla nuova variante? Perch\u00e9 &#8211; mentre i CDC avvisavano di una nuova variante del Sars-Cov-2 in circolazione &#8211; la Commissione Europea ha approvato il nuovo vaccino contro una variante \u201cvecchia\u201d, gi\u00e0 ora poco diffusa? Spiegateci perch\u00e9. La settimana scorsa la Commissione europea ha approvato il vaccino contro Omicron XBB.1.5, detta anche Kraken. Notizia riportata da Reuters il 5 settembre. Cliccate qui. Il prodotto a mRna \u00e8 autorizzato per adulti, bambini e neonati dai sei mesi in su e verr\u00e0 somministrato anche insieme al vaccino anti-influenzale. (Gli\u00a0studi [&hellip;]<\/p>\n&nbsp;&nbsp;<div class=\"readmore\"><a href=\"https:\/\/blog.ilgiornale.it\/locati\/2023\/09\/12\/spiegateci-perche\/\">Continua a leggere...<\/a><\/div><\/p>","protected":false},"author":992,"featured_media":0,"comment_status":"open","ping_status":"closed","sticky":false,"template":"","format":"standard","meta":[],"categories":[77194],"tags":[77204,23035,387514,417218,417219],"_links":{"self":[{"href":"https:\/\/blog.ilgiornale.it\/locati\/wp-json\/wp\/v2\/posts\/5340"}],"collection":[{"href":"https:\/\/blog.ilgiornale.it\/locati\/wp-json\/wp\/v2\/posts"}],"about":[{"href":"https:\/\/blog.ilgiornale.it\/locati\/wp-json\/wp\/v2\/types\/post"}],"author":[{"embeddable":true,"href":"https:\/\/blog.ilgiornale.it\/locati\/wp-json\/wp\/v2\/users\/992"}],"replies":[{"embeddable":true,"href":"https:\/\/blog.ilgiornale.it\/locati\/wp-json\/wp\/v2\/comments?post=5340"}],"version-history":[{"count":5,"href":"https:\/\/blog.ilgiornale.it\/locati\/wp-json\/wp\/v2\/posts\/5340\/revisions"}],"predecessor-version":[{"id":5345,"href":"https:\/\/blog.ilgiornale.it\/locati\/wp-json\/wp\/v2\/posts\/5340\/revisions\/5345"}],"wp:attachment":[{"href":"https:\/\/blog.ilgiornale.it\/locati\/wp-json\/wp\/v2\/media?parent=5340"}],"wp:term":[{"taxonomy":"category","embeddable":true,"href":"https:\/\/blog.ilgiornale.it\/locati\/wp-json\/wp\/v2\/categories?post=5340"},{"taxonomy":"post_tag","embeddable":true,"href":"https:\/\/blog.ilgiornale.it\/locati\/wp-json\/wp\/v2\/tags?post=5340"}],"curies":[{"name":"wp","href":"https:\/\/api.w.org\/{rel}","templated":true}]}}