{"id":5434,"date":"2023-12-17T19:38:39","date_gmt":"2023-12-17T18:38:39","guid":{"rendered":"https:\/\/blog.ilgiornale.it\/locati\/?p=5434"},"modified":"2023-12-17T19:38:39","modified_gmt":"2023-12-17T18:38:39","slug":"quando-eravamo-criminali-no-vax","status":"publish","type":"post","link":"https:\/\/blog.ilgiornale.it\/locati\/2023\/12\/17\/quando-eravamo-criminali-no-vax\/","title":{"rendered":"Quando eravamo \u201ccriminali no-vax\u201d"},"content":{"rendered":"<p class=\"p1\"><span class=\"s1\">Dopo la <a href=\"https:\/\/blog.ilgiornale.it\/locati\/2023\/11\/30\/i-vaccini-e-il-discutibile-obbligo-degli-stati-di-pagarne-quantita-esorbitanti\/\">Polonia<\/a> che si rifiuta di pagare le cifre esorbitanti richieste da Pfizer per il continuo acquisto di vaccini, anche <a href=\"https:\/\/www.ilgiornaleditalia.it\/news\/esteri\/557254\/pfizer-denuncia-ungheria-dopo-polonia-vaccino-covid.html\">l\u2019Ungheria<\/a> \u00e8 in causa con la big pharma per lo stesso motivo.\u00a0<\/span><\/p>\n<p class=\"p1\"><strong>Una domanda<\/strong> per l\u2019Italia &#8211; anch\u2019essa sotto ricatto Pfizer ma silenziosa a riguardo (gli sgobboni italiani pagano senza far domande)- Non ci converr\u00e0 in futuro almeno \u201cpremiare\u201d le big aziende che hanno\u2026 compreso la situazione? Non siamo pi\u00f9 in emergenza da almeno 18 mesi e stiamo precipitando a grandi passi verso la povert\u00e0 soprattutto sanitaria. Moderna e Johnson&amp;Johnson, ad esempio, hanno accettato di interrompere la fornitura di vaccini sia in Polonia che in Ungheria. <em>E da noi? Qualcuno lo ha chiesto?<\/em><\/p>\n<p class=\"p1\"><span class=\"s1\">Dopo Polonia e Ungheria anche lo Stato del<strong> Texas<\/strong>\u00a0ha intentato causa alla Pfizer non per la sua esosit\u00e0 ma per le presunte menzogne propalate alle popolazioni.<\/span><\/p>\n<p><strong>Uno Stato accusa di falso la Pfizer<\/strong><\/p>\n<p class=\"p1\"><span class=\"s1\">Secondo il procuratore generale <strong>Ken Paxton<\/strong> la big pharma avrebbe illuso cittadinanza e governi sull\u2019efficacia dei vaccini a mRna. Le bugie sarebbero state intenzionali e ripetute anche quando gli studi e l\u2019osservazione hanno mostrato che l\u2019efficacia era ben al di sotto della percentuale di successo sbandierata. <strong>Tre le accuse di falso<\/strong>: sulla durata della protezione del vaccino; sulla trasmissione dell\u2019infezione e sull\u2019efficacia contro le varianti.<\/span><\/p>\n<p class=\"p1\"><span class=\"s1\">Un <a href=\"https:\/\/blog.maryannedemasi.com\/p\/pfizer-sued-for-false-and-deceptive\">articolo<\/a> della giornalista investigativa <strong>Maryanne Demasi,<\/strong> allieva di <strong>Peter Goetzsche<\/strong> ed esperta in <em>evidence based medicine,<\/em> ripercorre la storia delle bufale a mRna e fa capire quante occasioni avrebbero avuto i governi per smascherare la Pfizer.<\/span><\/p>\n<p class=\"p1\"><span class=\"s1\">L\u2019accusa di falso parte dall\u2019annuncio di efficacia pari al 95% divulgato da Pfizer prima dell\u2019avvio della campagna e ripetuto da tutti i media e dai politici. \u201cDopo qualche settimana, quando lo studio fu disponibile, si comprese che la riduzione del rischio relativo di ammalarsi (95%) corrispondeva a una riduzione del rischio assoluto dello 0,84%\u201d scrive la Demasi. Che aggiunge: \u201c<em>\u00c8 probabile che il modo in cui la statistica \u00e8 stata comunicata al pubblico abbia distorto la percezione dei benefici del vaccino e aumentato la loro disponibilit\u00e0 a farsi vaccinare<\/em>\u201d. Il procuratore del Texas definisce il vaccino \u201cun prodotto difettoso venduto con bugie\u201d, secondo lui la Pfizer ha confuso i dati intenzionalmente. Inoltre la big pharma ha sempre censurato le persone \u201cche minacciavano di diffondere la verit\u00e0\u201d sul vaccino nelle discussioni pubbliche.<\/span><\/p>\n<p class=\"p1\"><strong><span class=\"s1\">Albert Bourla docet<\/span><\/strong><\/p>\n<p class=\"p1\"><span class=\"s1\">Paxton precisa che Pfizer \u201cavrebbe complottato per mettere a tacere i giornalisti che pubblicavano i dati; avrebbe fatto pressioni sui social per evitare che le notizie circolassero e avrebbe definito \u2018criminali\u2019 le persone scettiche sui vaccini\u201d.<\/span><\/p>\n<p class=\"p1\"><em><span class=\"s1\">Ohhh\u2026<\/span><\/em><\/p>\n<p class=\"p1\"><em><span class=\"s1\">Dopo questo siamo autorizzati a chiederci se gli sponsor italiani dei vax, finto-illustri-macchiette fra il grezzo e il pacchiano presenti nei salotti televisivi, siano stati retribuiti per darci dei criminali? Perch\u00e9 \u201ccriminali no vax\u201d \u00e8 stato urlato allo sfinimento al pari dell\u2019odierno \u201cs\u00ec alle guerre giuste\u201d.<\/span><\/em><\/p>\n<p class=\"p1\"><strong><span class=\"s1\">Morale<\/span><\/strong><\/p>\n<p class=\"p4\"><span class=\"s2\">Paxton chiede pi\u00f9 di 10 milioni di dollari di multe civili e un&#8217;ordinanza del tribunale che impedisca a Pfizer di parlare pubblicamente dell&#8217;efficacia del suo vaccino.<\/span><\/p>\n<p class=\"p1\"><span class=\"s1\"><em>Perch\u00e9 \u00e8 importante tornare su queste notizie?<\/em> <strong>Primo<\/strong> per invitare anche altri Stati a ri-ottenere il proprio denaro versato ingiustamente, tramite pubblicit\u00e0 ingannevole. <strong>Secondo<\/strong>: per sensibilizzare le popolazioni, la salute \u00e8 condizione necessaria, anche se non sufficiente, per la nostra evoluzione.<\/span><\/p>\n<p class=\"p1\"><span class=\"s1\"><strong>Terzo<\/strong>: in maggio i governi dovranno votare se accettare o meno che l\u2019OMS diventi a tutti gli effetti l\u2019unica Autority sanitaria del mondo occidentale con poteri direttivi e di governo (che non le sono propri ma i contribuenti privati che la sostengono stanno pestando i piedi: il potere lo vogliono loro).<\/span><\/p>\n<p class=\"p1\"><em><span class=\"s1\">Tuttavia, ne parleremo, le nazioni tutte possono sfilarsi e continuare a decidere in proprio.<\/span><\/em><\/p>\n<p>&nbsp;<\/p>\n","protected":false},"excerpt":{"rendered":"<p><p>Dopo la Polonia che si rifiuta di pagare le cifre esorbitanti richieste da Pfizer per il continuo acquisto di vaccini, anche l\u2019Ungheria \u00e8 in causa con la big pharma per lo stesso motivo.\u00a0 Una domanda per l\u2019Italia &#8211; anch\u2019essa sotto ricatto Pfizer ma silenziosa a riguardo (gli sgobboni italiani pagano senza far domande)- Non ci converr\u00e0 in futuro almeno \u201cpremiare\u201d le big aziende che hanno\u2026 compreso la situazione? Non siamo pi\u00f9 in emergenza da almeno 18 mesi e stiamo precipitando a grandi passi verso la povert\u00e0 soprattutto sanitaria. Moderna e Johnson&amp;Johnson, ad esempio, hanno accettato di interrompere la fornitura di [&hellip;]<\/p>\n&nbsp;&nbsp;<div class=\"readmore\"><a href=\"https:\/\/blog.ilgiornale.it\/locati\/2023\/12\/17\/quando-eravamo-criminali-no-vax\/\">Continua a leggere...<\/a><\/div><\/p>","protected":false},"author":992,"featured_media":0,"comment_status":"open","ping_status":"closed","sticky":false,"template":"","format":"standard","meta":[],"categories":[77194],"tags":[578741,579727,579266,579369,2539,15903,579125,7603],"_links":{"self":[{"href":"https:\/\/blog.ilgiornale.it\/locati\/wp-json\/wp\/v2\/posts\/5434"}],"collection":[{"href":"https:\/\/blog.ilgiornale.it\/locati\/wp-json\/wp\/v2\/posts"}],"about":[{"href":"https:\/\/blog.ilgiornale.it\/locati\/wp-json\/wp\/v2\/types\/post"}],"author":[{"embeddable":true,"href":"https:\/\/blog.ilgiornale.it\/locati\/wp-json\/wp\/v2\/users\/992"}],"replies":[{"embeddable":true,"href":"https:\/\/blog.ilgiornale.it\/locati\/wp-json\/wp\/v2\/comments?post=5434"}],"version-history":[{"count":3,"href":"https:\/\/blog.ilgiornale.it\/locati\/wp-json\/wp\/v2\/posts\/5434\/revisions"}],"predecessor-version":[{"id":5437,"href":"https:\/\/blog.ilgiornale.it\/locati\/wp-json\/wp\/v2\/posts\/5434\/revisions\/5437"}],"wp:attachment":[{"href":"https:\/\/blog.ilgiornale.it\/locati\/wp-json\/wp\/v2\/media?parent=5434"}],"wp:term":[{"taxonomy":"category","embeddable":true,"href":"https:\/\/blog.ilgiornale.it\/locati\/wp-json\/wp\/v2\/categories?post=5434"},{"taxonomy":"post_tag","embeddable":true,"href":"https:\/\/blog.ilgiornale.it\/locati\/wp-json\/wp\/v2\/tags?post=5434"}],"curies":[{"name":"wp","href":"https:\/\/api.w.org\/{rel}","templated":true}]}}