{"id":5529,"date":"2024-04-01T22:46:27","date_gmt":"2024-04-01T20:46:27","guid":{"rendered":"https:\/\/blog.ilgiornale.it\/locati\/?p=5529"},"modified":"2024-04-01T22:46:27","modified_gmt":"2024-04-01T20:46:27","slug":"covid-in-germania-toh-quante-somiglianze","status":"publish","type":"post","link":"https:\/\/blog.ilgiornale.it\/locati\/2024\/04\/01\/covid-in-germania-toh-quante-somiglianze\/","title":{"rendered":"Covid in Germania, toh\u2026 quante somiglianze\u00a0"},"content":{"rendered":"<p style=\"font-weight: 400\">Tutto il mondo \u00e8 paese. Proprio vero.<\/p>\n<p style=\"font-weight: 400\"><span style=\"font-weight: 400\">Si guardi alla vicina Germania e con quale precisione il governo retto da <\/span><b>Angela Merkel<\/b><span style=\"font-weight: 400\"> fino al dicembre 2021, e poi da <\/span><b>Olaf Scholz,<\/b><span style=\"font-weight: 400\"> ha affrontato la pandemia.<\/span><\/p>\n<p style=\"font-weight: 400\"><span style=\"font-weight: 400\">Sulla <\/span><a href=\"https:\/\/www.eugyppius.com\/p\/rki-protocols-reveal-pandemic-managers\"><span style=\"font-weight: 400\">piattaforma Substack<\/span><\/a><span style=\"font-weight: 400\"> \u00e8 comparso il resoconto critico di un autore che ha scritto svariate volte di pandemia e si firma <\/span><i><span style=\"font-weight: 400\">Eugyppius<\/span><\/i><span style=\"font-weight: 400\">. Utile, oltre che per i commenti, ad aggiornarci sui fatti.<\/span><\/p>\n<p style=\"font-weight: 400\"><span style=\"font-weight: 400\">Due settimane fa un tribunale tedesco ha imposto al <\/span><b>Robert Koch Institute<\/b><span style=\"font-weight: 400\"> (il nostro Istituto Superiore di Sanit\u00e0) di rendere noti i protocolli interni degli incontri del \u201cCovid Crisis Team\u201d tra gennaio 2020 e aprile 2021: \u201cIl disvelamento delle decisioni di allora \u00e8 tuttora in corso ma i principali media stanno dicendo <\/span><i><span style=\"font-weight: 400\">con notevole enfasi<\/span><\/i><span style=\"font-weight: 400\"> che non emerger\u00e0 nulla\u201d scrive l\u2019autore.<\/span><\/p>\n<p style=\"font-weight: 400\"><i><span style=\"font-weight: 400\">Die<\/span><\/i> <i><span style=\"font-weight: 400\">Zeit<\/span><\/i><span style=\"font-weight: 400\"> titola: \u201cUn regalo ai teorici della cospirazione\u201d; <\/span><i><span style=\"font-weight: 400\">Der Spiegel <\/span><\/i><span style=\"font-weight: 400\">che \u201ci protocolli hanno suscitato grande entusiasmo ma contengono poco\u201d. Qui l\u2019autore commenta che \u201ctutti questi articoli sono molto lunghi ma assai brevi nelle citazioni dirette ai documenti in questione\u201d. E che \u201cquando si tratta di lockdown e vaccinazioni di massa, l\u2019incuriosit\u00e0 dei nostri giornalisti non conosce limiti\u201d.<\/span><\/p>\n<p style=\"font-weight: 400\"><span style=\"font-weight: 400\">(Da noi nessun giudice ha chiesto chiarimenti sulle decisioni della <\/span><i><span style=\"font-weight: 400\">Cabina di regia<\/span><\/i><span style=\"font-weight: 400\"> ma \u00e8 facile immaginare che, se dovesse accadere, molti giornali scriverebbero che i \u201cmagistrati strizzano l\u2019occhio ai no vax\u201d).<\/span><\/p>\n<p style=\"font-weight: 400\"><span style=\"font-weight: 400\">Leggiamo poi che i protocolli svelati stanno mostrando che \u201ci gestori della pandemia sopravvalutarono il rischio Covid <\/span><i><span style=\"font-weight: 400\">su indicazioni esplicite dei loro supervisori politici <\/span><\/i><span style=\"font-weight: 400\">nel Ministero della Salute\u201d e che il \u201cfattore R fu adattato allo scopo, passando da moderato ad alto\u201d (si tratta dell\u2019indice che stabilisce la contagiosit\u00e0 di un agente infettivo).<\/span><\/p>\n<p style=\"font-weight: 400\"><i><span style=\"font-weight: 400\">Insomma, sta venendo fuori che i dati della scienza hanno celato di fatto una \u201cmanipolazione\u201d chiesta dai politici. Per quale scopo?<\/span><\/i><\/p>\n<p style=\"font-weight: 400\"><i><span style=\"font-weight: 400\">(E da noi?)<\/span><\/i><\/p>\n<p style=\"font-weight: 400\"><span style=\"font-weight: 400\">L\u2019autore prosegue definendo \u201cKarl Lauterbach, il ministro della sanit\u00e0 pi\u00f9 stupido d\u2019Europa\u201d e dicendo che \u201csta attraversando un momento particolarmente brutto\u201d, (anche Speranza non se la passa bene, costretto a uscire dalla porta di servizio quando si presenta a un evento pubblico, ha pure ritirato la sua candidatura alla presidenza della Basilicata dicendo di averlo fatto \u201cperch\u00e9 perseguitato dai no vax\u201d. Di fatto, a pedinarlo sono i danneggiati dal vaccino anti Covid in carrozzella &#8211; <\/span><i><span style=\"font-weight: 400\">magari per loro fossero stati no vax &#8211; <\/span><\/i><span style=\"font-weight: 400\">da lui pure offesi).<\/span><\/p>\n<p style=\"font-weight: 400\"><span style=\"font-weight: 400\">Il ministro della Salute tedesco si sta giustificando pubblicamente affermando che \u201ci protocolli sono stati ampiamente modificati per proteggere i dipendenti dall\u2019odio e dall\u2019agitazione delle persone per cui lavorano\u201d e che \u201cil Robert Koch Institute ha lavorato \u201cindipendentemente dalla politica\u201d e \u201cha salvato molte vite durante la pandemia\u201d, poi, su X, (ex Twitter) ha accusato \u201cgoverni stranieri (non dice quali) di promuovere teorie del complotto\u201d.<\/span><\/p>\n<p style=\"font-weight: 400\"><span style=\"font-weight: 400\">Eugyppius riferisce di un virologo che ha osservato che \u201cintere pagine relative ai vaccini sono state oscurate\u201d. E di un esponente del partito liberal democratico che ha chiesto maggior trasparenza e l&#8217;accesso ai documenti.\u00a0<\/span><\/p>\n<p style=\"font-weight: 400\"><span style=\"font-weight: 400\">Quest\u2019ultimo ha quindi ri-chiesto che il Koch Institute pubblichi un suo studio ancora segreto, \u201cStop Covid\u201d, che secondo Lauterbach dimostra che la gestione tedesca della pandemia \u00e8 stata un successo e ha salvato tante vite \u201cma che per qualche motivo ha rifiutato a chiunque di leggere\u201d.<\/span><\/p>\n<p style=\"font-weight: 400\"><span style=\"font-weight: 400\">Qualcuno nel governo ha accusato Lauterbach di dare una pessima immagine del Paese cos\u00ec che il ministro si \u00e8 lasciato andare a nuove promesse, render\u00e0 pubblico lo studio e i documenti. Ma per ora, scrive Eugyppius, si tratta solo di promesse.<\/span><\/p>\n<p style=\"font-weight: 400\"><span style=\"font-weight: 400\">Apprendiamo che il governo tedesco della pandemia \u00e8 \u201campiamente detestato\u201d e che politici del partito Liberal democratico stanno rivolgendo pesanti accuse al Koch Institute.\u00a0<\/span><\/p>\n<p style=\"font-weight: 400\"><span style=\"font-weight: 400\">Non solo. La <\/span><i><span style=\"font-weight: 400\">Sahra Wagenknecht Alliance (BSW<\/span><\/i><span style=\"font-weight: 400\">) afferma: \u201cUna commissione di studio non basta. \u00c8 necessaria una <em>commissione d\u2019inchiesta<\/em> per far luce sul periodo con le maggiori restrizioni dei diritti fondamentali nella storia della Repubblica federale\u201d. La popolazione ha il diritto di venirne a capo. \u201cIn particolare, occorre esaminare la chiusura degli asili nido e delle scuole nonch\u00e9 l\u2019esclusione delle persone non vaccinate, anche per trarre conclusioni per le future pandemie\u201d ha dichiarato Wagenknecht a un\u2019agenzia stampa.<\/span><\/p>\n<p style=\"font-weight: 400\"><span style=\"font-weight: 400\">L\u2019autore conclude dicendo che molti lettori si chiedono quali siano le ragioni di aver esagerato la pandemia e imposto i lockdown e da chi venissero queste pressioni. Risposta: \u201cLa storia \u00e8 in qualche modo diversa in ogni Paese, ma in Germania \u00e8 chiaro che si \u00e8 trattato di un virus culturale che ha travolto la stampa e l&#8217;\u00e9lite politica prima ancora che gran parte degli scienziati\u201d.\u00a0<\/span><\/p>\n<p style=\"font-weight: 400\"><span style=\"font-weight: 400\">PS.<br \/>\n<\/span>Fra le nazioni che stanno indagando sulla pandemia con Commissioni di inchiesta, oltre al Regno Unito, ci sono Austalia e Nuova Zelanda.<\/p>\n<p style=\"font-weight: 400\"><span style=\"font-weight: 400\">Eugyppius ha poi ricordato che l\u2019establishment epidemiologico internazionale ha passato anni a predicare contro la chiusura delle frontiere in caso di pandemia.<\/span><\/p>\n<p style=\"font-weight: 400\"><em><span style=\"font-weight: 400\">Gi\u00e0, ma poi \u00e8 successo qualcosa che ha fatto cambiare idea. A tutti insieme, non appassionatamente.<\/span><\/em><\/p>\n<p>&nbsp;<\/p>\n","protected":false},"excerpt":{"rendered":"<p><p>Tutto il mondo \u00e8 paese. Proprio vero. Si guardi alla vicina Germania e con quale precisione il governo retto da Angela Merkel fino al dicembre 2021, e poi da Olaf Scholz, ha affrontato la pandemia. Sulla piattaforma Substack \u00e8 comparso il resoconto critico di un autore che ha scritto svariate volte di pandemia e si firma Eugyppius. Utile, oltre che per i commenti, ad aggiornarci sui fatti. Due settimane fa un tribunale tedesco ha imposto al Robert Koch Institute (il nostro Istituto Superiore di Sanit\u00e0) di rendere noti i protocolli interni degli incontri del \u201cCovid Crisis Team\u201d tra gennaio 2020 [&hellip;]<\/p>\n&nbsp;&nbsp;<div class=\"readmore\"><a href=\"https:\/\/blog.ilgiornale.it\/locati\/2024\/04\/01\/covid-in-germania-toh-quante-somiglianze\/\">Continua a leggere...<\/a><\/div><\/p>","protected":false},"author":992,"featured_media":0,"comment_status":"open","ping_status":"closed","sticky":false,"template":"","format":"standard","meta":[],"categories":[387565],"tags":[592542,391230,35,592541],"_links":{"self":[{"href":"https:\/\/blog.ilgiornale.it\/locati\/wp-json\/wp\/v2\/posts\/5529"}],"collection":[{"href":"https:\/\/blog.ilgiornale.it\/locati\/wp-json\/wp\/v2\/posts"}],"about":[{"href":"https:\/\/blog.ilgiornale.it\/locati\/wp-json\/wp\/v2\/types\/post"}],"author":[{"embeddable":true,"href":"https:\/\/blog.ilgiornale.it\/locati\/wp-json\/wp\/v2\/users\/992"}],"replies":[{"embeddable":true,"href":"https:\/\/blog.ilgiornale.it\/locati\/wp-json\/wp\/v2\/comments?post=5529"}],"version-history":[{"count":2,"href":"https:\/\/blog.ilgiornale.it\/locati\/wp-json\/wp\/v2\/posts\/5529\/revisions"}],"predecessor-version":[{"id":5531,"href":"https:\/\/blog.ilgiornale.it\/locati\/wp-json\/wp\/v2\/posts\/5529\/revisions\/5531"}],"wp:attachment":[{"href":"https:\/\/blog.ilgiornale.it\/locati\/wp-json\/wp\/v2\/media?parent=5529"}],"wp:term":[{"taxonomy":"category","embeddable":true,"href":"https:\/\/blog.ilgiornale.it\/locati\/wp-json\/wp\/v2\/categories?post=5529"},{"taxonomy":"post_tag","embeddable":true,"href":"https:\/\/blog.ilgiornale.it\/locati\/wp-json\/wp\/v2\/tags?post=5529"}],"curies":[{"name":"wp","href":"https:\/\/api.w.org\/{rel}","templated":true}]}}