{"id":5573,"date":"2024-06-23T10:56:05","date_gmt":"2024-06-23T08:56:05","guid":{"rendered":"https:\/\/blog.ilgiornale.it\/locati\/?p=5573"},"modified":"2024-06-23T11:24:21","modified_gmt":"2024-06-23T09:24:21","slug":"la-mia-lisa-uccisa-per-la-quarta-volta","status":"publish","type":"post","link":"https:\/\/blog.ilgiornale.it\/locati\/2024\/06\/23\/la-mia-lisa-uccisa-per-la-quarta-volta\/","title":{"rendered":"\u201cLa mia Lisa, uccisa per la quarta volta\u201d"},"content":{"rendered":"<p class=\"p2\"><span class=\"s2\"><a href=\"https:\/\/blog.ilgiornale.it\/locati\/files\/2024\/06\/F4628C0B-71CA-401B-99DF-592F46ADE831.jpeg\"><img loading=\"lazy\" class=\"alignleft size-medium wp-image-5576\" src=\"https:\/\/blog.ilgiornale.it\/locati\/files\/2024\/06\/F4628C0B-71CA-401B-99DF-592F46ADE831-225x300.jpeg\" alt=\"\" width=\"225\" height=\"300\" srcset=\"https:\/\/blog.ilgiornale.it\/locati\/files\/2024\/06\/F4628C0B-71CA-401B-99DF-592F46ADE831-225x300.jpeg 225w, https:\/\/blog.ilgiornale.it\/locati\/files\/2024\/06\/F4628C0B-71CA-401B-99DF-592F46ADE831-768x1024.jpeg 768w, https:\/\/blog.ilgiornale.it\/locati\/files\/2024\/06\/F4628C0B-71CA-401B-99DF-592F46ADE831-1152x1536.jpeg 1152w, https:\/\/blog.ilgiornale.it\/locati\/files\/2024\/06\/F4628C0B-71CA-401B-99DF-592F46ADE831.jpeg 1280w\" sizes=\"(max-width: 225px) 100vw, 225px\" \/><\/a>L\u2019hanno uccisa un\u2019altra volta, Lisa.<\/span><\/p>\n<p class=\"p2\"><span class=\"s2\">Lo scrive il suo pap\u00e0, <strong>Maurizio Federico,<\/strong> in un post su <a href=\"https:\/\/www.facebook.com\/1107758942\/posts\/pfbid055pSqJLJPUiwv4DHb2WJDiLF3wvWjq99z59p1mmz2GJdmK5cSKKCrcx1yzqcACwWl\/?app=fbl\">Facebook<\/a> commentando l\u2019ultima perizia richiesta dal tribunale, che sar\u00e0 pubblica il 5 luglio.<\/span><\/p>\n<p class=\"p2\"><span class=\"s2\">Federico, biologo e dirigente all\u2019Istituto Superiore della Sanit\u00e0, insieme alla moglie <strong>Margherita<\/strong> <strong>Eichberg<\/strong>, Soprintendente alle Belle Arti in Calabria, aveva adottato Lisa in Ucraina, assieme ai suoi fratelli. La storia <a href=\"https:\/\/blog.ilgiornale.it\/locati\/2023\/02\/12\/da-lisa-a-l-i-s-a-la-sanita-che-vorremmo\/\">qui<\/a> e <a href=\"https:\/\/blog.ilgiornale.it\/locati\/2023\/09\/07\/muore-per-un-trapianto-sbagliato-a-17-anni-i-carabinieri-perquisiscono-la-casa-dei-genitori\/\">qui<\/a>.<\/span><\/p>\n<p class=\"p2\"><span class=\"s2\">A 17 anni, nel 2020, la ragazza \u00e8 ricoverata al Bambin Ges\u00f9 per una malattia non oncologica. <\/span><\/p>\n<p class=\"p2\"><span class=\"s2\">Il pap\u00e0 ha scritto ieri su Facebook:<\/span><\/p>\n<p class=\"p2\"><span class=\"s2\">\u201cAvevano deciso che Lisa aveva bisogno di un midollo osseo nuovo. Ne arriva uno dalla Germania colmo di 350 ml di globuli rossi AB0 incompatibili.<\/span><\/p>\n<p class=\"p2\"><span class=\"s2\">Le linee guida (ma anche il buon senso) impongono che questo midollo si possa infondere ma a patto di rispettare una delle seguenti due condizioni:<\/span><\/p>\n<p class=\"p2\"><span class=\"s2\">-Eliminare i globuli rossi incompatibili;<\/span><\/p>\n<p class=\"p2\"><span class=\"s2\">-Eliminare dal plasma di Lisa gli anticorpi che potrebbero far \u201cscoppiare\u201d i globuli rossi incompatibili provocando un\u2019emolisi mortale.<\/span><\/p>\n<p class=\"p2\"><span class=\"s2\">Non fu fatto nulla di tutto questo come certificato dalla cartella clinica. E Lisa muore dopo 17 giorni di atroci sofferenze nonostante morfina e midazolam a vagoni\u201d.<\/span><\/p>\n<p class=\"p2\"><strong><span class=\"s2\">La nuova perizia<\/span><\/strong><\/p>\n<p class=\"p2\"><span class=\"s2\">Prosegue il racconto: \u201cAbbiamo chiesto un parere su questa vicenda al Tribunale. Il GUP, <strong>Valerio Savio<\/strong>, ritenendo non sufficiente la perizia offerta dal PM, ne ha chiesta un\u2019altra.<\/span><\/p>\n<p class=\"p2\"><span class=\"s2\">Diametralmente all\u2019opposto rispetto alla perizia del PM, questa nuova conclude che: \u201dl&#8217;assistenza fornita \u00e8 stata&#8230; idonea, in aderenza alle raccomandazioni delle linee guida e alle buone pratiche cliniche\u201d (le linee guida sono quelle citate sopra).<\/span><\/p>\n<p class=\"p2\"><strong><span class=\"s2\">Denuncia il padre:<\/span><\/strong><\/p>\n<p class=\"p2\"><span class=\"s2\">\u201cCi\u00f2 che \u00e8 eclatante \u00e8 che questa seconda perizia cita le linee guida che <em>in realt\u00e0<\/em> sono state ignorate dall\u2019Ospedale Bambin Ges\u00f9 (motivo per il quale Maurizio e Margherita si sono rivolti al tribunale) come dimostrato dalle cartelle cliniche. Rispetto a quella del PM questa nuova perizia conclude dicendo che l\u2019assistenza fornita \u00e8 stata in linea con le raccomandazioni delle linee guida (!!!) , <em>si spera forse che il giudice legga solo le conclusioni?\u201d<\/em><\/span><\/p>\n<p class=\"p2\"><em><span class=\"s2\">Quando si suppone che un lettore non approfondisca &#8211; lo abbiamo visto con alcuni studi sui danni da vaccino che per essere approvati dagli editori devono contenere un finale politicamente corretto &#8211; si termina il lavoro con una conclusione diversa da ci\u00f2 che dimostra il lavoro.<\/span><\/em><\/p>\n<p class=\"p2\"><em><span class=\"s2\">Ma un giudice potr\u00e0 essere cos\u00ec superficiale?<\/span><\/em><\/p>\n<p class=\"p2\"><span class=\"s2\">Venerd\u00ec 5 luglio nelle aule del Tribunale di Roma a Piazzale Clodio gli esperti del CTU presenteranno la loro perizia.<\/span><\/p>\n<p class=\"p2\"><span class=\"s2\">A ottobre seguiranno le arringhe degli avvocati, dopo di che il giudice decider\u00e0 se rinviare a giudizio gli imputati o optare per il non luogo a procedere.<\/span><\/p>\n<p class=\"p2\"><em><span class=\"s2\">Quindi la sentenza non c\u2019\u00e8 ancora.<\/span><\/em><\/p>\n<p class=\"p2\"><span class=\"s2\">I genitori hanno per\u00f2 perso la speranza. Prosegue il pap\u00e0:<\/span><\/p>\n<p class=\"p2\"><span class=\"s2\">\u201cA vedere questa perizia, Lisa non avr\u00e0 giustizia. <\/span><span class=\"s2\">In verit\u00e0 da lass\u00f9 lei se la pu\u00f2 ridere, seppur amaramente.\u00a0<\/span>E noi genitori dovremo solo sopportare un\u2019altra umiliazione\u201d.<\/p>\n<p class=\"p2\"><strong><span class=\"s2\">Finale?<\/span><\/strong><\/p>\n<p>\u00c8 vero, le premesse non sono buone, ma nulla ancora \u00e8 stato deciso. <em>Vogliamo ricordare a Margherita e a Maurizio che anche se non si dovesse trovare alcun responsabile per le sofferenze di Lisa, il loro impegno di questi quattro anni ha un significato pi\u00f9 importante.<\/em><\/p>\n<p class=\"p2\"><em><span class=\"s3\">L\u2019associazione <a href=\"https:\/\/www.facebook.com\/p\/LISA-Lottiamo-Insieme-per-la-Sanit\u00e0-degli-Adolescenti-100087476045177\/?paipv=0&amp;eav=Afb2LpBEE2Nt1HShVet7m0jEH1ooQNbciGWfYuc3xLuaASFdpMKJojegIVS3rFM2Jxo&amp;_rdr\">L.I.S.A<\/a><\/span><span class=\"s2\"> (Lottiamo insieme per la salute degli adolescenti) sta sensibilizzando l\u2019opinione pubblica e le istituzioni e si \u00e8 adoperata &#8211; riuscendovi &#8211; a modificare i protocolli dei trapianti di midollo: ora \u00e8 nota in tutta Italia.<\/span><\/em><\/p>\n<p class=\"p2\"><em><span class=\"s2\">Come tutte le azioni nate dal cuore anche questo impegno \u00e8 diventato immortale. Le bugie, invece, sfumano.\u00a0<\/span><\/em><\/p>\n<p class=\"p3\">\n","protected":false},"excerpt":{"rendered":"<p><p>L\u2019hanno uccisa un\u2019altra volta, Lisa. Lo scrive il suo pap\u00e0, Maurizio Federico, in un post su Facebook commentando l\u2019ultima perizia richiesta dal tribunale, che sar\u00e0 pubblica il 5 luglio. Federico, biologo e dirigente all\u2019Istituto Superiore della Sanit\u00e0, insieme alla moglie Margherita Eichberg, Soprintendente alle Belle Arti in Calabria, aveva adottato Lisa in Ucraina, assieme ai suoi fratelli. La storia qui e qui. A 17 anni, nel 2020, la ragazza \u00e8 ricoverata al Bambin Ges\u00f9 per una malattia non oncologica. Il pap\u00e0 ha scritto ieri su Facebook: \u201cAvevano deciso che Lisa aveva bisogno di un midollo osseo nuovo. Ne arriva uno [&hellip;]<\/p>\n&nbsp;&nbsp;<div class=\"readmore\"><a href=\"https:\/\/blog.ilgiornale.it\/locati\/2024\/06\/23\/la-mia-lisa-uccisa-per-la-quarta-volta\/\">Continua a leggere...<\/a><\/div><\/p>","protected":false},"author":992,"featured_media":0,"comment_status":"open","ping_status":"closed","sticky":false,"template":"","format":"standard","meta":[],"categories":[417171],"tags":[592560,417175,417172],"_links":{"self":[{"href":"https:\/\/blog.ilgiornale.it\/locati\/wp-json\/wp\/v2\/posts\/5573"}],"collection":[{"href":"https:\/\/blog.ilgiornale.it\/locati\/wp-json\/wp\/v2\/posts"}],"about":[{"href":"https:\/\/blog.ilgiornale.it\/locati\/wp-json\/wp\/v2\/types\/post"}],"author":[{"embeddable":true,"href":"https:\/\/blog.ilgiornale.it\/locati\/wp-json\/wp\/v2\/users\/992"}],"replies":[{"embeddable":true,"href":"https:\/\/blog.ilgiornale.it\/locati\/wp-json\/wp\/v2\/comments?post=5573"}],"version-history":[{"count":7,"href":"https:\/\/blog.ilgiornale.it\/locati\/wp-json\/wp\/v2\/posts\/5573\/revisions"}],"predecessor-version":[{"id":5581,"href":"https:\/\/blog.ilgiornale.it\/locati\/wp-json\/wp\/v2\/posts\/5573\/revisions\/5581"}],"wp:attachment":[{"href":"https:\/\/blog.ilgiornale.it\/locati\/wp-json\/wp\/v2\/media?parent=5573"}],"wp:term":[{"taxonomy":"category","embeddable":true,"href":"https:\/\/blog.ilgiornale.it\/locati\/wp-json\/wp\/v2\/categories?post=5573"},{"taxonomy":"post_tag","embeddable":true,"href":"https:\/\/blog.ilgiornale.it\/locati\/wp-json\/wp\/v2\/tags?post=5573"}],"curies":[{"name":"wp","href":"https:\/\/api.w.org\/{rel}","templated":true}]}}