{"id":5588,"date":"2024-07-10T11:18:04","date_gmt":"2024-07-10T09:18:04","guid":{"rendered":"https:\/\/blog.ilgiornale.it\/locati\/?p=5588"},"modified":"2024-07-10T11:18:04","modified_gmt":"2024-07-10T09:18:04","slug":"non-ce-solo-lobbligo-vaccinale-il-governo-cambi-anche-la-legge-sulla-de-responsabilita-medica","status":"publish","type":"post","link":"https:\/\/blog.ilgiornale.it\/locati\/2024\/07\/10\/non-ce-solo-lobbligo-vaccinale-il-governo-cambi-anche-la-legge-sulla-de-responsabilita-medica\/","title":{"rendered":"\u201cNon c\u2019\u00e8 solo l\u2019obbligo vaccinale, il governo cambi anche la Legge sulla de-responsabilit\u00e0 medica\u201d"},"content":{"rendered":"<p>Ricevo da un lettore, <strong>Filiberto Dal Molin<\/strong>, medico specialista in Radiologia, e pubblico.<\/p>\n<p>&nbsp;<\/p>\n<p class=\"p2\"><em><span class=\"s1\">In questi giorni si parla delle vaccinazioni dei bambini.<\/span><\/em><\/p>\n<p class=\"p2\"><em><span class=\"s1\">\u00c8 un argomento importante, sul quale i pareri discordanti sono la regola, anche perch\u00e9 gli interessi in gioco sono rilevanti. Diversi giornali hanno riportato le dichiarazione di Beatrice Lorenzin, molto nota per il suo incarico di Ministro della Salute negli anni 2013-2018, in 3 successivi governi (Letta, Renzi e Gentiloni) durante il quale si \u00e8 molto adoperata, direttamente e indirettamente, in tema di vaccini. Attualmente \u00e8 senatrice della Repubblica.<\/span><\/em><\/p>\n<p class=\"p2\"><em><span class=\"s1\">Il suo incarico come ministro della Salute \u00e8 stato il pi\u00f9 lungo nella storia della Repubblica, ad indicare che la sua funzione era assolutamente essenziale anche nelle diverse impostazioni governative di quegli anni.<\/span><\/em><\/p>\n<p class=\"p2\"><em><span class=\"s1\">Ci chiediamo se i giornali italiani che l\u2019hanno intervistata per conoscere il suo parere si siano rivolti alla fonte pi\u00f9 competente.<\/span><\/em><\/p>\n<p class=\"p2\"><em><span class=\"s1\">Il fatto ha una sua intrinseca singolarit\u00e0 se consideriamo che il titolo di studio della senatrice Lorenzin \u00e8 di scuola media superiore. Non sarebbe stato pi\u00f9 logico rivolgersi a medici esperti in materia (non soltanto italiani, quanto piuttosto internazionali) per raccogliere i dati pi\u00f9 significativi sulla vexata quaestio?<\/span><\/em><\/p>\n<p class=\"p2\"><em><span class=\"s1\">E poi la senatrice avrebbe potuto stupirci con la sua risposta, se fosse stata proprio lei a promuovere la legge per aumentare la diffusione dei vaccini nella fascia di et\u00e0 0-16 anni provocando nel nostro Paese una forte reazione in opposizione alla pratica vaccinale obbligatoria?<\/span><\/em><\/p>\n<p class=\"p2\"><em><span class=\"s1\">\u00a0<\/span><\/em><em><span class=\"s1\">\u00c8 interessante notare che l\u2019operato della nostra senatrice, come ministro della Salute in tema di vaccini, sembrerebbe stato programmato anni prima in vista di una pandemia. La senatrice, infatti, si \u00e8 anche adoperata per l\u2019approvazione della <strong>legge Gelli-Bianco<\/strong> secondo la quale i medici che si adeguano alle indicazioni di un protocollo di cura indicato dal ministero della Salute sono giuridicamente protetti anche se la suddetta terapia dovesse provocare il decesso del Paziente.<\/span><\/em><\/p>\n<p class=\"p2\"><em><span class=\"s1\">Al contrario, i medici che non seguono il protocollo ministeriale, operando secondo scienza e coscienza, sono responsabili e, dunque, colpevoli a prescindere.<\/span><\/em><\/p>\n<p class=\"p2\"><em><span class=\"s1\">Ecco un altro capitolo della rivoluzione copernicana che ha preso piede nel mondo medico, in cui <strong>la diagnosi e la terapia non competono pi\u00f9 ai medici ma ai politici, guidati o influenzati od obbligati dalle industrie del farmaco.<\/strong><\/span><\/em><\/p>\n<p class=\"p2\"><em><span class=\"s1\">\u00c8 una storia cominciata con Rockfeller, agli albori del secolo scorso, e che ha trovato un suo epilogo, momentaneamente rallentato, con la pandemia. Siamo cos\u00ec riusciti a spiegarci perch\u00e9 da noi tutti gli Ordini dei Medici e il 95% dei loro iscritti si siano adeguati alla <\/span><span class=\"s2\">\u201cvigile attesa e tachipirina\u201d <\/span><span class=\"s1\">di Speranza ed abbiano proposto senza alcuna riserva a tutti i loro Pazienti, contro scienza e coscienza, l\u2019obbligo vaccinale.<\/span><\/em><\/p>\n<p class=\"p2\"><em><span class=\"s1\">\u00c8 interessante notare che nessun membro dei governi di Conte o di Draghi e nessun professorone dei Comitati Tecnico Scientifici si \u00e8 attribuito la paternit\u00e0 del suddetto protocollo ministeriale, obbligatorio per tutti i medici, ma altres\u00ec di <strong>genesi sconosciuta<\/strong>. Che sia stata la senatrice Lorenzin a suggerirlo?<\/span><\/em><\/p>\n<p class=\"p2\"><em><span class=\"s1\">\u00c8 Medicina Industriale, bellezza!<\/span><\/em><\/p>\n<p class=\"p2\"><span class=\"s1\">\u00a0<\/span><\/p>\n<p class=\"p2\"><span class=\"s1\"><strong>Dr Filiberto Dal Molin\u00a0\u00a0\u00a0\u00a0\u00a0\u00a0\u00a0<\/strong>\u00a0\u00a0\u00a0\u00a0\u00a0\u00a0\u00a0\u00a0\u00a0\u00a0\u00a0\u00a0\u00a0\u00a0\u00a0\u00a0\u00a0\u00a0\u00a0\u00a0\u00a0\u00a0\u00a0\u00a0\u00a0\u00a0 Belluno 10 luglio 2024<\/span><\/p>\n<p class=\"p2\"><span class=\"s2\">\u00a0<\/span><\/p>\n","protected":false},"excerpt":{"rendered":"<p><p>Ricevo da un lettore, Filiberto Dal Molin, medico specialista in Radiologia, e pubblico. &nbsp; In questi giorni si parla delle vaccinazioni dei bambini. \u00c8 un argomento importante, sul quale i pareri discordanti sono la regola, anche perch\u00e9 gli interessi in gioco sono rilevanti. Diversi giornali hanno riportato le dichiarazione di Beatrice Lorenzin, molto nota per il suo incarico di Ministro della Salute negli anni 2013-2018, in 3 successivi governi (Letta, Renzi e Gentiloni) durante il quale si \u00e8 molto adoperata, direttamente e indirettamente, in tema di vaccini. Attualmente \u00e8 senatrice della Repubblica. Il suo incarico come ministro della Salute \u00e8 [&hellip;]<\/p>\n&nbsp;&nbsp;<div class=\"readmore\"><a href=\"https:\/\/blog.ilgiornale.it\/locati\/2024\/07\/10\/non-ce-solo-lobbligo-vaccinale-il-governo-cambi-anche-la-legge-sulla-de-responsabilita-medica\/\">Continua a leggere...<\/a><\/div><\/p>","protected":false},"author":992,"featured_media":0,"comment_status":"open","ping_status":"closed","sticky":false,"template":"","format":"standard","meta":[],"categories":[77194],"tags":[30964,592565,592566,184146],"_links":{"self":[{"href":"https:\/\/blog.ilgiornale.it\/locati\/wp-json\/wp\/v2\/posts\/5588"}],"collection":[{"href":"https:\/\/blog.ilgiornale.it\/locati\/wp-json\/wp\/v2\/posts"}],"about":[{"href":"https:\/\/blog.ilgiornale.it\/locati\/wp-json\/wp\/v2\/types\/post"}],"author":[{"embeddable":true,"href":"https:\/\/blog.ilgiornale.it\/locati\/wp-json\/wp\/v2\/users\/992"}],"replies":[{"embeddable":true,"href":"https:\/\/blog.ilgiornale.it\/locati\/wp-json\/wp\/v2\/comments?post=5588"}],"version-history":[{"count":1,"href":"https:\/\/blog.ilgiornale.it\/locati\/wp-json\/wp\/v2\/posts\/5588\/revisions"}],"predecessor-version":[{"id":5589,"href":"https:\/\/blog.ilgiornale.it\/locati\/wp-json\/wp\/v2\/posts\/5588\/revisions\/5589"}],"wp:attachment":[{"href":"https:\/\/blog.ilgiornale.it\/locati\/wp-json\/wp\/v2\/media?parent=5588"}],"wp:term":[{"taxonomy":"category","embeddable":true,"href":"https:\/\/blog.ilgiornale.it\/locati\/wp-json\/wp\/v2\/categories?post=5588"},{"taxonomy":"post_tag","embeddable":true,"href":"https:\/\/blog.ilgiornale.it\/locati\/wp-json\/wp\/v2\/tags?post=5588"}],"curies":[{"name":"wp","href":"https:\/\/api.w.org\/{rel}","templated":true}]}}