{"id":5628,"date":"2024-08-30T10:19:31","date_gmt":"2024-08-30T08:19:31","guid":{"rendered":"https:\/\/blog.ilgiornale.it\/locati\/?p=5628"},"modified":"2024-08-30T10:19:31","modified_gmt":"2024-08-30T08:19:31","slug":"al-lupo-al-lupo-quando-lallarme-e-contagioso","status":"publish","type":"post","link":"https:\/\/blog.ilgiornale.it\/locati\/2024\/08\/30\/al-lupo-al-lupo-quando-lallarme-e-contagioso\/","title":{"rendered":"\u201cAl lupo al lupo \u2026\u201d quando l\u2019allarme \u00e8 contagioso"},"content":{"rendered":"<p style=\"font-weight: 400\"><span style=\"font-weight: 400\"><a href=\"https:\/\/blog.ilgiornale.it\/locati\/files\/2024\/08\/C0B599D7-1CF7-4D92-9E61-A9341D1BA8F2.jpeg\"><img loading=\"lazy\" class=\"alignleft size-medium wp-image-5630\" src=\"https:\/\/blog.ilgiornale.it\/locati\/files\/2024\/08\/C0B599D7-1CF7-4D92-9E61-A9341D1BA8F2-300x169.jpeg\" alt=\"\" width=\"300\" height=\"169\" srcset=\"https:\/\/blog.ilgiornale.it\/locati\/files\/2024\/08\/C0B599D7-1CF7-4D92-9E61-A9341D1BA8F2-300x169.jpeg 300w, https:\/\/blog.ilgiornale.it\/locati\/files\/2024\/08\/C0B599D7-1CF7-4D92-9E61-A9341D1BA8F2.jpeg 686w\" sizes=\"(max-width: 300px) 100vw, 300px\" \/><\/a>Il 14 agosto la malattia virale detta \u201cvaiolo delle scimmie\u201d \u00e8 stata dichiarata dall\u2019Oms \u201cpublic health emergency of international concern\u201d (emergenza di sanit\u00e0 pubblica preoccupante a livello internazionale). <\/span><i><span style=\"font-weight: 400\">Si tratta del livello pi\u00f9 alto di allerta che richiede una mobilitazione di risorse coordinate da parte della comunit\u00e0 internazionale.<\/span><\/i><\/p>\n<p style=\"font-weight: 400\"><span style=\"font-weight: 400\">Va detto che nel 2022, durante la precedente epidemia, l\u2019Oms consider\u00f2 offensivo il nome dell\u2019infezione &#8211; per gli scimpanz\u00e9, supponiamo &#8211; e, dunque, da allora, la denominazione ammessa \u00e8 mpox.<\/span><\/p>\n<p style=\"font-weight: 400\"><b>La diffusione<\/b><\/p>\n<p style=\"font-weight: 400\"><span style=\"font-weight: 400\">Nelle ultime settimane la notizia \u00e8 stata subito enfatizzata come se fosse l\u2019inizio di una nuova terribile pandemia.\u00a0<\/span><\/p>\n<p style=\"font-weight: 400\"><span style=\"font-weight: 400\">L\u2019Oms ha precisato che l\u2019epidemia (o, meglio, il focolaio, data l\u2019estensione circoscritta geograficamente) \u00e8 pi\u00f9 virulenta rispetto a quella che si manifest\u00f2 nel 2022 che era di tipo 2, clade 2. Quella in corso \u00e8 di tipo 1, clade 1. Per info consultare il sito del <\/span><a href=\"https:\/\/www.cdc.gov\/poxvirus\/mpox\/outbreak\/2023-drc.html\"><span style=\"font-weight: 400\">CDC<\/span><\/a><span style=\"font-weight: 400\">.<\/span><\/p>\n<p style=\"font-weight: 400\"><span style=\"font-weight: 400\">L\u2019infezione \u00e8 in corso<\/span> <span style=\"font-weight: 400\">nella Repubblica democratica del Congo dove sono stati segnalati 17mila casi e 500 decessi (fonte: <\/span><a href=\"https:\/\/www.ecdc.europa.eu\/sites\/default\/files\/documents\/communicable-disease-threats-report-week-33-2024.pdf\"><span style=\"font-weight: 400\">ECDC<\/span><\/a><span style=\"font-weight: 400\">).<\/span><\/p>\n<p style=\"font-weight: 400\"><span style=\"font-weight: 400\">E in Europa?\u00a0 Esiste un solo caso, di \u201cimportazione\u201d. Ossia <strong>una sola persona che si \u00e8 infettata<\/strong> in Congo ed \u00e8 poi tornata a casa, in Svezia. E zero morti. Cliccate <\/span><a href=\"https:\/\/www.folkhalsomyndigheten.se\/the-public-health-agency-of-sweden\/communicable-disease-control\/disease-information-about-mpox\/one-case-of-mpox-clade-i-reported-in-sweden\/\"><span style=\"font-weight: 400\">qui<\/span><\/a><span style=\"font-weight: 400\">.\u00a0<\/span><\/p>\n<p style=\"font-weight: 400\"><span style=\"font-weight: 400\">Come si trasmette l\u2019infezione?<\/span><\/p>\n<p style=\"font-weight: 400\"><span style=\"font-weight: 400\">Come per l&#8217;HIV sono considerati a rischio gli uomini omosessuali mentre in Africa sono colpiti molti bambini a causa della promiscuit\u00e0 delle condizioni di vita e della grave malnutrizione. Il contagio avviene attraverso il contatto stretto e prolungato con una persona sintomatica.\u00a0<\/span><\/p>\n<p style=\"font-weight: 400\"><span style=\"font-weight: 400\">Abbiamo chiesto al professor <\/span><b>Stefano Petti <\/b><span style=\"font-weight: 400\">un quadro della situazione e cosa si intenda per casi gravi.\u00a0<\/span><\/p>\n<p style=\"font-weight: 400\"><span style=\"font-weight: 400\">\u201cCominciamo col dire che i numeri dell\u2019Oms in Africa non sono confermati. Per stessa ammissione dell\u2019Organizzazione si parla prevalentemente di casi e decessi \u201csospetti\u201d. <\/span><a href=\"https:\/\/www.who.int\/news\/item\/29-08-2024-who-urges-rapid-access-to-mpox-diagnostic-tests--invites-manufacturers-to-emergency-review\"><span style=\"font-weight: 400\">Qui<\/span><\/a><span style=\"font-weight: 400\">.\u00a0<\/span><\/p>\n<p style=\"font-weight: 400\"><span style=\"font-weight: 400\">Bisognerebbe poi parlare della gravit\u00e0 della malattia in s\u00e9, ci \u00e8 detto che in Congo sono colpiti prevalentemente i giovani al di sotto dei 15 anni, ma quanti ne muoiono? Purtroppo nella Repubblica Democratica del Congo muoiono ogni anno pi\u00f9 di 300.000 bambini al di sotto dei 5 anni e quasi tutti per malnutrizione e conseguenti malattie infettive. Questo s\u00ec, \u00e8 \u201cgrave\u201d, non la piccolissima percentuale di giovani che contrae l\u2019mpox.<\/span><\/p>\n<p style=\"font-weight: 400\"><span style=\"font-weight: 400\">Se usciamo dall\u2019Africa il \u201cmistero\u201d dei casi \u201cgravi\u201d si infittisce. L\u2019Oms smentisce se stessa. Guardando ai <\/span><a href=\"https:\/\/worldhealthorg.shinyapps.io\/mpx_global\/\"><span style=\"font-weight: 400\">dati Oms<\/span><\/a><span style=\"font-weight: 400\"> riferiti al biennio 2022\/24 si contano 27.000 casi in Europa e 10 decessi attribuiti a mpox.\u00a0<\/span><\/p>\n<p style=\"font-weight: 400\"><span style=\"font-weight: 400\">Nello stesso tempo sono morte quasi 2 milioni di persone solo in Italia e 13.000.000 in Europa. I decessi per tubercolosi, epatite B e C, HIV sono centinaia di volte superiori, ma non se ne parla, forse perch\u00e9, ad esclusione dell\u2019epatite B, per queste malattie non ci sono ancora vaccini efficaci\u201d conclude Petti.<\/span><\/p>\n<p style=\"font-weight: 400\"><b>La soluzione? (Domanda ovvia), \u00e8 in arrivo\u2026<\/b><\/p>\n<p style=\"font-weight: 400\"><span style=\"font-weight: 400\">Le autorit\u00e0 precisano che non ci si deve preoccupare perch\u00e9 esiste un <\/span><b>vaccino<\/b><span style=\"font-weight: 400\">.<\/span><\/p>\n<p style=\"font-weight: 400\"><span style=\"font-weight: 400\">Il vaccino esistente \u00e8 <\/span><i><span style=\"font-weight: 400\">Imvanex<\/span><\/i><span style=\"font-weight: 400\">, ancora in fase di monitoraggio &#8211; si legge sul sito di Ema &#8211; mancano infatti molti dati sulla sicurezza poich\u00e8 \u00e8 stato approvato in Europa \u201cin circostanze eccezionali\u201d.<\/span><\/p>\n<p style=\"font-weight: 400\"><span style=\"font-weight: 400\">E poi c\u2019\u00e8 un vaccino a mRna in preparazione grazie alla partnership fra il colosso <\/span><b>Pfizer<\/b><span style=\"font-weight: 400\"> e <\/span><b>Cepi<\/b><span style=\"font-weight: 400\">, la coalizione fondata da Bill e Melinda Gates per fronteggiare le pandemie.<\/span><\/p>\n<p style=\"font-weight: 400\"><span style=\"font-weight: 400\">La sperimentazione clinica \u00e8 <\/span><a href=\"https:\/\/investors.biontech.de\/news-releases\/news-release-details\/biontech-and-cepi-announce-partnership-advance-mrna-mpox-vaccine\"><span style=\"font-weight: 400\">iniziata un anno fa. <\/span><\/a><span style=\"font-weight: 400\">\u00a0(Forse c\u2019\u00e8 bisogno di velocizzare i tempi e per farlo si agita la paura collettiva? Dov\u2019\u00e8 la novit\u00e0\u2026).<\/span><\/p>\n<p style=\"font-weight: 400\"><i><span style=\"font-weight: 400\">Alla commissione parlamentare che sta per fare chiarezza sulla pandemia Covid chiediamo: esister\u00e0 mai un vaccino a mRna prodotto dalla Pfizer con il supporto del magnate filantropo che non richieder\u00e0 milioni di persone da inoculare? Ribadiamo: nessun problema per chi desidera riceverlo, non vorremmo per\u00f2 ripiombare nel periodo delle segregazioni e dello stigma per aver detto \u201cno\u201d a un farmaco.<\/span><\/i><\/p>\n<p style=\"font-weight: 400\"><span style=\"font-weight: 400\">Petti riporta un commento di un suo collega, <\/span><b>Tom Jefferson<\/b><span style=\"font-weight: 400\">, che scrive:<\/span><\/p>\n<p style=\"font-weight: 400\"><span style=\"font-weight: 400\">\u201c<\/span><i><span style=\"font-weight: 400\">Una pandemia \u00e8 qualsiasi cosa che il direttore dell\u2019Oms dichiara che \u00e8 una pandemia&#8221; ma forse, secondo un commentatore \u00e8 \u2018quando levi la K dal monkeypox (che diventa money-pox)<\/span><\/i><span style=\"font-weight: 400\">\u2019.<\/span><\/p>\n<p style=\"font-weight: 400\"><span style=\"font-weight: 400\">Suggeriamo di leggere le considerazioni di <\/span><b>Robert Malone<\/b><span style=\"font-weight: 400\"> sul <\/span><i><span style=\"font-weight: 400\">bioterrorismo psicologico,<\/span><\/i><span style=\"font-weight: 400\"> forma di manipolazione mentale per esercitare un\u2019influenza su intere popolazioni. <\/span><a href=\"https:\/\/www.malone.news\/p\/investors-beware-mpox-disaster-cronyism\"><span style=\"font-weight: 400\">Qui<\/span><\/a><span style=\"font-weight: 400\">.<\/span><\/p>\n<p style=\"font-weight: 400\"><span style=\"font-weight: 400\">L\u2019autore si chiede chi trae vantaggio dalla proclamazione dell\u2019emergenza dell\u2019Oms, gli africani? O qualcun altro?<\/span><\/p>\n<p style=\"font-weight: 400\"><span style=\"font-weight: 400\">Di provato c\u2019\u00e8 che quando \u00e8 proclamata un\u2019emergenza sanitaria dall\u2019Oms certi titoli in borsa schizzano alle stelle e gli investimenti su vaccini, antivirali, test diagnostici sono considerati assai promettenti.<\/span><\/p>\n<p style=\"font-weight: 400\"><i><span style=\"font-weight: 400\">S\u00ec, chiediamoci chi ci guadagna, ma non scordiamo anche la morale della favola Al lupo al lupo\u2026 e valutiamo chi ci perde davvero.<\/span><\/i><\/p>\n<p>&nbsp;<\/p>\n","protected":false},"excerpt":{"rendered":"<p><p>Il 14 agosto la malattia virale detta \u201cvaiolo delle scimmie\u201d \u00e8 stata dichiarata dall\u2019Oms \u201cpublic health emergency of international concern\u201d (emergenza di sanit\u00e0 pubblica preoccupante a livello internazionale). Si tratta del livello pi\u00f9 alto di allerta che richiede una mobilitazione di risorse coordinate da parte della comunit\u00e0 internazionale. Va detto che nel 2022, durante la precedente epidemia, l\u2019Oms consider\u00f2 offensivo il nome dell\u2019infezione &#8211; per gli scimpanz\u00e9, supponiamo &#8211; e, dunque, da allora, la denominazione ammessa \u00e8 mpox. La diffusione Nelle ultime settimane la notizia \u00e8 stata subito enfatizzata come se fosse l\u2019inizio di una nuova terribile pandemia.\u00a0 L\u2019Oms ha [&hellip;]<\/p>\n&nbsp;&nbsp;<div class=\"readmore\"><a href=\"https:\/\/blog.ilgiornale.it\/locati\/2024\/08\/30\/al-lupo-al-lupo-quando-lallarme-e-contagioso\/\">Continua a leggere...<\/a><\/div><\/p>","protected":false},"author":992,"featured_media":0,"comment_status":"open","ping_status":"closed","sticky":false,"template":"","format":"standard","meta":[],"categories":[77194],"tags":[578741,404815,592570,592572,387514,592571,592573,417089],"_links":{"self":[{"href":"https:\/\/blog.ilgiornale.it\/locati\/wp-json\/wp\/v2\/posts\/5628"}],"collection":[{"href":"https:\/\/blog.ilgiornale.it\/locati\/wp-json\/wp\/v2\/posts"}],"about":[{"href":"https:\/\/blog.ilgiornale.it\/locati\/wp-json\/wp\/v2\/types\/post"}],"author":[{"embeddable":true,"href":"https:\/\/blog.ilgiornale.it\/locati\/wp-json\/wp\/v2\/users\/992"}],"replies":[{"embeddable":true,"href":"https:\/\/blog.ilgiornale.it\/locati\/wp-json\/wp\/v2\/comments?post=5628"}],"version-history":[{"count":8,"href":"https:\/\/blog.ilgiornale.it\/locati\/wp-json\/wp\/v2\/posts\/5628\/revisions"}],"predecessor-version":[{"id":5637,"href":"https:\/\/blog.ilgiornale.it\/locati\/wp-json\/wp\/v2\/posts\/5628\/revisions\/5637"}],"wp:attachment":[{"href":"https:\/\/blog.ilgiornale.it\/locati\/wp-json\/wp\/v2\/media?parent=5628"}],"wp:term":[{"taxonomy":"category","embeddable":true,"href":"https:\/\/blog.ilgiornale.it\/locati\/wp-json\/wp\/v2\/categories?post=5628"},{"taxonomy":"post_tag","embeddable":true,"href":"https:\/\/blog.ilgiornale.it\/locati\/wp-json\/wp\/v2\/tags?post=5628"}],"curies":[{"name":"wp","href":"https:\/\/api.w.org\/{rel}","templated":true}]}}