{"id":5687,"date":"2025-03-12T09:39:53","date_gmt":"2025-03-12T08:39:53","guid":{"rendered":"https:\/\/blog.ilgiornale.it\/locati\/?p=5687"},"modified":"2025-03-12T09:39:53","modified_gmt":"2025-03-12T08:39:53","slug":"non-siam-pronti-alla-morte","status":"publish","type":"post","link":"https:\/\/blog.ilgiornale.it\/locati\/2025\/03\/12\/non-siam-pronti-alla-morte\/","title":{"rendered":"(Non) siam pronti alla morte"},"content":{"rendered":"<p class=\"p1\">Si continua a discutere di fine vita. Da anni siamo in attesa che il Parlamento legiferi le volont\u00e0 degli ultimi momenti in maniera uniforme.<\/p>\n<p class=\"p2\">Ma <em>la sopportazione del dolore e il peso del vivere sono una questione privata<\/em> come la scelta di fare un figlio, di mettere su famiglia. La legge consente anche di rifiutare un bambino rispettando l&#8217;eventuale obiezione di coscienza del medico, come \u00e8 naturale che sia.<\/p>\n<p class=\"p2\">Una legge nazionale sul fine vita, tuttavia, non \u00e8 ancora arrivata. Non ora che \u00e8 al governo la destra e nemmeno prima che c&#8217;era la sinistra.<\/p>\n<p class=\"p2\">Se ne parla, si litiga cercando di tenere il punto su posizioni ideologiche e le Regioni ballano da sole (talvolta con voto espresso dal Consiglio regionale, come accaduto in Toscana, talaltra con la decisione di un assessore, come \u00e8 successo di recente in Lombardia).<\/p>\n<p class=\"p2\">Le Regioni stanno intervenendo differentemente applicando una sentenza della Corte Costituzionale, la 242 del 2019, che regolamenta il suicidio assistito.<\/p>\n<p class=\"p2\">Per conoscere cronistoria e contraddizioni leggete <a href=\"http:\/\/L\u2019autonomia regionale per la legge sul fine vita e l\u2019urgenza di una legge nazionale   - Quotidiano Sanit\u00e0\">qui<\/a>.<\/p>\n<p class=\"p1\"><strong><span class=\"s1\">Ipocrisia, effetto della mancata legge?<\/span><\/strong><\/p>\n<p class=\"p2\">Tuttavia ci sono altri modi per morire a casa o in ospedale, meno pubblicizzati e sempre con il Sistema sanitario.<\/p>\n<p class=\"p2\">Nel 2018 abbiamo parlato di <strong>Marina Ripa di Meana<\/strong> che scelse di andarsene con la sedazione profonda. Cliccate <a href=\"https:\/\/blog.ilgiornale.it\/locati\/2018\/01\/21\/la-fine-della-vita\/\">qui<\/a>.<\/p>\n<p class=\"p1\"><span class=\"s1\">Lo prevede la legge 38 sulle cure palliative del 2010, l&#8217;attrice si era gi\u00e0 adoperata per andare in Svizzera a chiedere il suicidio, ma, saputo della legge italiana, ha girato un video per raccontare che &#8220;si pu\u00f2 tornare alla terra senza ulteriori e inutili sofferenze, sia in ospedale che a casa propria&#8221;. <\/span><\/p>\n<p class=\"p2\">Come l&#8217;\u201daccompagnamento &#8220;, la legge sulle cure palliative \u00e8 nata per alleviare il dolore, \u201cma quando questo \u00e8 insopportabile, irreversibile e si \u00e8 in condizione di terminalit\u00e0 si pu\u00f2 scegliere di addormentarsi\u201d ha chiarito <strong>Maria Antonietta Farina Coscioni,<\/strong> dal 2014 presidente dell\u2019Istituto intitolato al marito Luca Coscioni, morto di Sla nel 2006 a 38 anni.<\/p>\n<p class=\"p1\"><span class=\"s1\">Davanti alle questioni che riguardano la coscienza non vi possono essere paletti, ma solo rispetto. Ne abbiamo discusso tante volte durante la pandemia: <em>nessun medico pu\u00f2 obbligare chicchessia a un trattamento non gradito finch\u00e9 costui \u00e8 in grado di autodeterminarsi. <\/em><\/span><\/p>\n<p class=\"p2\"><em>Un no o un s\u00ec della persona valgono tutto, sono il 100% (e sono supra legem).<\/em><\/p>\n<p class=\"p1\"><strong><span class=\"s1\">Legge s\u00ec o legge no?<\/span><\/strong><\/p>\n<p class=\"p1\"><span class=\"s1\">Dipende da come verr\u00e0 fatta. Come ogni cosa. Sarebbe utile un testo che spazzi via le ipocrisie e che tenga conto che abitiamo una societ\u00e0 che non affronta la morte, la considera un <em>errore di sistema<\/em> (sempre giovani e forti). Invece ci ammaliamo, soffriamo e invecchiamo. In un contesto parziale e distorto come questo il fine vita rischia di diventare l\u2019ennesimo (e ultimo) prodotto da acquistare.<\/span><\/p>\n<p class=\"p1\"><span class=\"s1\">Una direttiva non dovrebbe nemmeno \u201crendere normale la cultura dello scarto\u201d, ma lasciare al singolo la dignit\u00e0 della decisione, non alimentare forzature o manipolazioni nei confronti dei pi\u00f9 fragili che si sentono di peso per i familiari. <em>C\u2019\u00e8 anche una dignit\u00e0 nella morte come fatto indissolubilmente legato alla vita.<\/em> C\u2019\u00e8 una vita\/morte, non una vita e semmai una morte.<\/span><\/p>\n<p class=\"p2\"><em>Lasciamo respirare le coscienze ed educhiamo alla morte fin da piccoli: i saggi che non hanno allontanato il pensiero della fine nel loro cammino sono testimonianza di una vita pi\u00f9 piena, meno attratta da cose futili e capaci di cogliere la preziosit\u00e0 di ogni istante.<\/em><\/p>\n<p class=\"p2\">\n","protected":false},"excerpt":{"rendered":"<p><p>Si continua a discutere di fine vita. Da anni siamo in attesa che il Parlamento legiferi le volont\u00e0 degli ultimi momenti in maniera uniforme. Ma la sopportazione del dolore e il peso del vivere sono una questione privata come la scelta di fare un figlio, di mettere su famiglia. La legge consente anche di rifiutare un bambino rispettando l&#8217;eventuale obiezione di coscienza del medico, come \u00e8 naturale che sia. Una legge nazionale sul fine vita, tuttavia, non \u00e8 ancora arrivata. Non ora che \u00e8 al governo la destra e nemmeno prima che c&#8217;era la sinistra. Se ne parla, si litiga [&hellip;]<\/p>\n&nbsp;&nbsp;<div class=\"readmore\"><a href=\"https:\/\/blog.ilgiornale.it\/locati\/2025\/03\/12\/non-siam-pronti-alla-morte\/\">Continua a leggere...<\/a><\/div><\/p>","protected":false},"author":992,"featured_media":0,"comment_status":"open","ping_status":"closed","sticky":false,"template":"","format":"standard","meta":[],"categories":[198282],"tags":[40303,29622,198282,40299,256783,256780,256782],"_links":{"self":[{"href":"https:\/\/blog.ilgiornale.it\/locati\/wp-json\/wp\/v2\/posts\/5687"}],"collection":[{"href":"https:\/\/blog.ilgiornale.it\/locati\/wp-json\/wp\/v2\/posts"}],"about":[{"href":"https:\/\/blog.ilgiornale.it\/locati\/wp-json\/wp\/v2\/types\/post"}],"author":[{"embeddable":true,"href":"https:\/\/blog.ilgiornale.it\/locati\/wp-json\/wp\/v2\/users\/992"}],"replies":[{"embeddable":true,"href":"https:\/\/blog.ilgiornale.it\/locati\/wp-json\/wp\/v2\/comments?post=5687"}],"version-history":[{"count":7,"href":"https:\/\/blog.ilgiornale.it\/locati\/wp-json\/wp\/v2\/posts\/5687\/revisions"}],"predecessor-version":[{"id":5694,"href":"https:\/\/blog.ilgiornale.it\/locati\/wp-json\/wp\/v2\/posts\/5687\/revisions\/5694"}],"wp:attachment":[{"href":"https:\/\/blog.ilgiornale.it\/locati\/wp-json\/wp\/v2\/media?parent=5687"}],"wp:term":[{"taxonomy":"category","embeddable":true,"href":"https:\/\/blog.ilgiornale.it\/locati\/wp-json\/wp\/v2\/categories?post=5687"},{"taxonomy":"post_tag","embeddable":true,"href":"https:\/\/blog.ilgiornale.it\/locati\/wp-json\/wp\/v2\/tags?post=5687"}],"curies":[{"name":"wp","href":"https:\/\/api.w.org\/{rel}","templated":true}]}}