{"id":575,"date":"2011-09-21T19:03:56","date_gmt":"2011-09-21T19:03:56","guid":{"rendered":"https:\/\/blog.ilgiornale.it\/locati\/?p=575"},"modified":"2011-09-21T19:03:56","modified_gmt":"2011-09-21T19:03:56","slug":"vaccino-genetico-anti-cancro-test-sulluomo","status":"publish","type":"post","link":"https:\/\/blog.ilgiornale.it\/locati\/2011\/09\/21\/vaccino-genetico-anti-cancro-test-sulluomo\/","title":{"rendered":"Vaccino genetico anti-cancro, test sull&#8217;uomo"},"content":{"rendered":"<p><a href=\"https:\/\/blog.ilgiornale.it\/locati\/files\/2011\/09\/vaccini-a-tavolino.jpg\"><img loading=\"lazy\" class=\"alignnone size-medium wp-image-576\" src=\"https:\/\/blog.ilgiornale.it\/locati\/files\/2011\/09\/vaccini-a-tavolino-300x225.jpg\" alt=\"\" width=\"300\" height=\"225\" srcset=\"https:\/\/blog.ilgiornale.it\/locati\/files\/2011\/09\/vaccini-a-tavolino-300x225.jpg 300w, https:\/\/blog.ilgiornale.it\/locati\/files\/2011\/09\/vaccini-a-tavolino.jpg 400w\" sizes=\"(max-width: 300px) 100vw, 300px\" \/><\/a>Sta per partire una sperimentazione sull\u2019uomo di un\u00a0vaccino antitumorale a base genetica, il vaccino a Dna.<\/p>\n<p>Il vaccino anti-cancro \u00e8 stato messo a punto dai ricercatori delle universit\u00e0 di Camerino (Macerata)\u00a0e di Torino. Il protocollo \u00e8 stato approvato un mese fa dall\u2019Istituto Superiore di Sanit\u00e0 e ai primi di novembre dovrebbe iniziare il reclutamento dei pazienti da parte dell\u2019Istituto oncologico veneto a Padova, diretto da Giorgio Amadori.<\/p>\n<p>\u201cLa sperimentazione animale ci ha dato risultati molto interessanti\u201d ha annunciato Guido Forni dell\u2019universit\u00e0 di Torino. Il\u00a0professore\u00a0ha spiegato che il vaccino \u201cconsiste in un frammento di Dna che viene inoculato intramuscolo nei pazienti che hanno subito un\u2019operazione e che hanno seguito tutte le terapie tradizionali per i tumori della testa, del collo e della faringe: il vaccino potrebbe aumentare il periodo libero da malattia ed evitare che si presenti una recidiva. I risultati in laboratorio sono entusiasmanti: ora bisogner\u00e0 vedere quanto di questo si trasformer\u00e0 in un risultato utile per le persone malate. Teniamo le dita incrociate\u201d.<\/p>\n<p>Augusto Amici, professore all\u2019universit\u00e0 di Camerino e autore della\u00a0scoperta \u00a0ha raccontato come si \u00e8 dedicato a questa ricerca: \u00abHo iniziato a lavorare sui vaccini a Dna nel 1994. Mi avevano colpito alcuni\u00a0studi americani pubblicati l\u2019anno precedente: stavano preparando vaccini a Dna per malattie virali, per le quali il nostro organismo \u00e8 per\u00f2 gi\u00e0 preparato a indurre una risposta immunitaria. Il tumore \u00e8 riconosciuto come un elemento dell\u2019organismo, per questo il sistema immunitario non reagisce; stimolando invece una risposta immunitaria sar\u00e0 pi\u00f9 facile combattere il tumore. \u00c8 quello che stiamo cercando di dimostrare e che speriamo si verifichi\u00bb.<\/p>\n","protected":false},"excerpt":{"rendered":"<p><p>Sta per partire una sperimentazione sull\u2019uomo di un\u00a0vaccino antitumorale a base genetica, il vaccino a Dna. Il vaccino anti-cancro \u00e8 stato messo a punto dai ricercatori delle universit\u00e0 di Camerino (Macerata)\u00a0e di Torino. Il protocollo \u00e8 stato approvato un mese fa dall\u2019Istituto Superiore di Sanit\u00e0 e ai primi di novembre dovrebbe iniziare il reclutamento dei pazienti da parte dell\u2019Istituto oncologico veneto a Padova, diretto da Giorgio Amadori. \u201cLa sperimentazione animale ci ha dato risultati molto interessanti\u201d ha annunciato Guido Forni dell\u2019universit\u00e0 di Torino. Il\u00a0professore\u00a0ha spiegato che il vaccino \u201cconsiste in un frammento di Dna che viene inoculato intramuscolo nei pazienti [&hellip;]<\/p>\n&nbsp;&nbsp;<div class=\"readmore\"><a href=\"https:\/\/blog.ilgiornale.it\/locati\/2011\/09\/21\/vaccino-genetico-anti-cancro-test-sulluomo\/\">Continua a leggere...<\/a><\/div><\/p>","protected":false},"author":992,"featured_media":0,"comment_status":"open","ping_status":"closed","sticky":false,"template":"","format":"standard","meta":[],"categories":[4689,2666,6330],"tags":[6334,6331,6339,6340,6336,6335,6332,4821,6338,114,6337],"_links":{"self":[{"href":"https:\/\/blog.ilgiornale.it\/locati\/wp-json\/wp\/v2\/posts\/575"}],"collection":[{"href":"https:\/\/blog.ilgiornale.it\/locati\/wp-json\/wp\/v2\/posts"}],"about":[{"href":"https:\/\/blog.ilgiornale.it\/locati\/wp-json\/wp\/v2\/types\/post"}],"author":[{"embeddable":true,"href":"https:\/\/blog.ilgiornale.it\/locati\/wp-json\/wp\/v2\/users\/992"}],"replies":[{"embeddable":true,"href":"https:\/\/blog.ilgiornale.it\/locati\/wp-json\/wp\/v2\/comments?post=575"}],"version-history":[{"count":4,"href":"https:\/\/blog.ilgiornale.it\/locati\/wp-json\/wp\/v2\/posts\/575\/revisions"}],"predecessor-version":[{"id":579,"href":"https:\/\/blog.ilgiornale.it\/locati\/wp-json\/wp\/v2\/posts\/575\/revisions\/579"}],"wp:attachment":[{"href":"https:\/\/blog.ilgiornale.it\/locati\/wp-json\/wp\/v2\/media?parent=575"}],"wp:term":[{"taxonomy":"category","embeddable":true,"href":"https:\/\/blog.ilgiornale.it\/locati\/wp-json\/wp\/v2\/categories?post=575"},{"taxonomy":"post_tag","embeddable":true,"href":"https:\/\/blog.ilgiornale.it\/locati\/wp-json\/wp\/v2\/tags?post=575"}],"curies":[{"name":"wp","href":"https:\/\/api.w.org\/{rel}","templated":true}]}}