{"id":935,"date":"2012-05-03T18:47:52","date_gmt":"2012-05-03T18:47:52","guid":{"rendered":"https:\/\/blog.ilgiornale.it\/locati\/?p=935"},"modified":"2012-05-03T20:58:31","modified_gmt":"2012-05-03T20:58:31","slug":"tenete-lontano-il-cellulare-dai-bambini","status":"publish","type":"post","link":"https:\/\/blog.ilgiornale.it\/locati\/2012\/05\/03\/tenete-lontano-il-cellulare-dai-bambini\/","title":{"rendered":"&#8220;Tenete lontano il cellulare dai bambini&#8221;"},"content":{"rendered":"<p><a href=\"https:\/\/blog.ilgiornale.it\/locati\/files\/2012\/05\/telef.jpg\"><img loading=\"lazy\" class=\"alignnone size-medium wp-image-936\" src=\"https:\/\/blog.ilgiornale.it\/locati\/files\/2012\/05\/telef-300x216.jpg\" alt=\"\" width=\"300\" height=\"216\" srcset=\"https:\/\/blog.ilgiornale.it\/locati\/files\/2012\/05\/telef-300x216.jpg 300w, https:\/\/blog.ilgiornale.it\/locati\/files\/2012\/05\/telef.jpg 400w\" sizes=\"(max-width: 300px) 100vw, 300px\" \/><\/a>\u00a0Le ultime perplessit\u00e0 sul dilagare dei telefoni cellulari in mano ai bambini e sulla loro pericolosit\u00e0 sono arrivate oggi dell\u2019associazione dei Medici per l\u2019Ambiente (Isde) di Roma. Tant\u2019\u00e8 che l\u2019epidemiologa Devra Davis ha proposto la dicitura \u201ctenere lontano dai bambini\u201d come si fa con le medicine.<\/p>\n<p>\u201cIn questo momento non siamo in grado di affermare con certezza che le\u00a0microonde dei cellulari provocano malattie &#8211; ha spiegato la Davis &#8211; ma ci sono\u00a0sufficienti evidenze per avere un ragionevole dubbio, e nessuno vorrebbe\u00a0giocare alla roulette russa con i propri figli\u201d.<\/p>\n<p>Nel mondo ci sono diversi esempi di autorit\u00e0 sanitarie che si stanno\u00a0preoccupando del problema: la citt\u00e0 di San Francisco sta obbligando i\u00a0produttori a mettere un \u2018bugiardino\u2019 all\u2019esterno delle confezioni, mentre in\u00a0Francia una legge obbliga i produttori a indicare la possibilit\u00e0 che l\u2019uso sia\u00a0dannoso per i pi\u00f9 piccoli. In Israele, il paese con pi\u00f9 utilizzatori al mondo, a\u00a0seguito di un aumento dei tumori della ghiandola salivare tra i giovani si \u00e8\u00a0deciso di creare un istituto di ricerca apposito che studier\u00e0 il problema.<\/p>\n<p>\u201cDal punto di vista scientifico ci sono gi\u00e0 delle evidenze, anche se non\u00a0conclusive &#8211; ha sottolineato Davis, che \u00e8 stata membro della National\u00a0Academy of Sciences &#8211; un articolo su Jama ha dimostrato che un utilizzo\u00a0prolungato cambia il metabolismo del cervello, mentre alcune prove hanno\u00a0visto che la penetrazione delle microonde nel cervello \u00e8 doppia nei bambini,\u00a0che hanno un cranio pi\u00f9 sottile, e molto maggiore nei feti, in cui le cellule si\u00a0stanno formando\u201d.<\/p>\n<p><em>Non ho nessuna intenzione di giocare alla roulette russa con le principesse. La sera in camera facciamo piazza pulita di caricatori, computer, sveglie elettriche e quant\u2019altro possa trasmettere onde. <\/em><\/p>\n<p><em>E il cellulare? Ho ceduto io a met\u00e0 anno \u2013 prima media \u2013 quando la principessa grande ed io non ci siamo trovate a met\u00e0 strada, lei era ai suoi primi rientri da sola e io uscivo dalla redazione (gi\u00e0, il posto a cui debbo il mio aggiornamento continuo sui fatti di nera). Insomma, \u00e8 bastata \u00a0una fitta al petto &#8211; la manciata di minuti durante i quali ho perso lei e il respiro &#8211; \u00a0a farmi cambiare idea. <\/em><\/p>\n<p><em>La sera stessa ho tirato fuori un cellulare inutilizzato (\u201cmamma, dicevi che non serviva\u2026, non mi importa di essere l\u2019unica a non averlo, davvero\u2026\u201d). Nell\u2019arco di un pomeriggio ho fatto a pezzi le buone intenzioni, \u00a0il manuale del perfetto genitore, gli accordi con il principe. \u00a0E cos\u00ec, e finalmente, la mia ansia \u00e8 scesa gi\u00f9 rasoterra. <\/em><\/p>\n<p><em>Perfino oggi, giorno di gita scolastica con andirivieni di \u00a0pullman, mi sono beata di un sms clandestino (\u201csiam arriv\u201d). Ma la notte, il cellulare anti-ansia, dorme fuori dalla stanza.<\/em><\/p>\n","protected":false},"excerpt":{"rendered":"<p><p>\u00a0Le ultime perplessit\u00e0 sul dilagare dei telefoni cellulari in mano ai bambini e sulla loro pericolosit\u00e0 sono arrivate oggi dell\u2019associazione dei Medici per l\u2019Ambiente (Isde) di Roma. Tant\u2019\u00e8 che l\u2019epidemiologa Devra Davis ha proposto la dicitura \u201ctenere lontano dai bambini\u201d come si fa con le medicine. \u201cIn questo momento non siamo in grado di affermare con certezza che le\u00a0microonde dei cellulari provocano malattie &#8211; ha spiegato la Davis &#8211; ma ci sono\u00a0sufficienti evidenze per avere un ragionevole dubbio, e nessuno vorrebbe\u00a0giocare alla roulette russa con i propri figli\u201d. Nel mondo ci sono diversi esempi di autorit\u00e0 sanitarie che si stanno\u00a0preoccupando [&hellip;]<\/p>\n&nbsp;&nbsp;<div class=\"readmore\"><a href=\"https:\/\/blog.ilgiornale.it\/locati\/2012\/05\/03\/tenete-lontano-il-cellulare-dai-bambini\/\">Continua a leggere...<\/a><\/div><\/p>","protected":false},"author":992,"featured_media":0,"comment_status":"open","ping_status":"closed","sticky":false,"template":"","format":"standard","meta":[],"categories":[247],"tags":[8947,404898,4834,8948,8946,2669],"_links":{"self":[{"href":"https:\/\/blog.ilgiornale.it\/locati\/wp-json\/wp\/v2\/posts\/935"}],"collection":[{"href":"https:\/\/blog.ilgiornale.it\/locati\/wp-json\/wp\/v2\/posts"}],"about":[{"href":"https:\/\/blog.ilgiornale.it\/locati\/wp-json\/wp\/v2\/types\/post"}],"author":[{"embeddable":true,"href":"https:\/\/blog.ilgiornale.it\/locati\/wp-json\/wp\/v2\/users\/992"}],"replies":[{"embeddable":true,"href":"https:\/\/blog.ilgiornale.it\/locati\/wp-json\/wp\/v2\/comments?post=935"}],"version-history":[{"count":5,"href":"https:\/\/blog.ilgiornale.it\/locati\/wp-json\/wp\/v2\/posts\/935\/revisions"}],"predecessor-version":[{"id":942,"href":"https:\/\/blog.ilgiornale.it\/locati\/wp-json\/wp\/v2\/posts\/935\/revisions\/942"}],"wp:attachment":[{"href":"https:\/\/blog.ilgiornale.it\/locati\/wp-json\/wp\/v2\/media?parent=935"}],"wp:term":[{"taxonomy":"category","embeddable":true,"href":"https:\/\/blog.ilgiornale.it\/locati\/wp-json\/wp\/v2\/categories?post=935"},{"taxonomy":"post_tag","embeddable":true,"href":"https:\/\/blog.ilgiornale.it\/locati\/wp-json\/wp\/v2\/tags?post=935"}],"curies":[{"name":"wp","href":"https:\/\/api.w.org\/{rel}","templated":true}]}}