{"id":116,"date":"2017-10-23T08:29:54","date_gmt":"2017-10-23T06:29:54","guid":{"rendered":"https:\/\/blog.ilgiornale.it\/nannipieri\/?p=116"},"modified":"2017-10-23T08:29:54","modified_gmt":"2017-10-23T06:29:54","slug":"liberta-parola-bluff","status":"publish","type":"post","link":"https:\/\/blog.ilgiornale.it\/nannipieri\/2017\/10\/23\/liberta-parola-bluff\/","title":{"rendered":"Libert\u00e0, parola bluff"},"content":{"rendered":"<p><a href=\"https:\/\/blog.ilgiornale.it\/nannipieri\/files\/2017\/10\/IMG_1344.jpg\"><img loading=\"lazy\" class=\"alignnone size-medium wp-image-117\" src=\"https:\/\/blog.ilgiornale.it\/nannipieri\/files\/2017\/10\/IMG_1344-236x300.jpg\" alt=\"IMG_1344\" width=\"236\" height=\"300\" srcset=\"https:\/\/blog.ilgiornale.it\/nannipieri\/files\/2017\/10\/IMG_1344-236x300.jpg 236w, https:\/\/blog.ilgiornale.it\/nannipieri\/files\/2017\/10\/IMG_1344.jpg 524w\" sizes=\"(max-width: 236px) 100vw, 236px\" \/><\/a>Un intellettuale dice che non ha spazio su giornali e TV perch\u00e9 lui \u00e8 una persona libera. Uno scrittore, un artista, un politico dicono che non vengono invitati perch\u00e9 loro amano la libert\u00e0, non i compromessi, o gli inciuci. Avete capito: la libert\u00e0 \u00e8 oramai una parola bluff. Se non sei dove vorresti essere, ti convinci che \u00e8 cos\u00ec perch\u00e9 tu, a differenza di altri, sei una persona libera, mentre gli altri sono in TV, sui giornali, alle fiere internazionali, presso grandi editori, perch\u00e9 sono servi della politica, dei compromessi, dei poteri forti, delle mode, delle tendenze, del capitalismo, e chi pi\u00f9 ne ha, pi\u00f9 ne metta. Libert\u00e0 vanno predicando, per giustificare i ruoli che non hanno. Povera Libert\u00e0. Da parola sovrana a parola bluff. Da parola per cui lottare a parola sotto cui nascondersi. Diffidiamo sempre di chi parla di libert\u00e0 come atteggiamento personale. La libert\u00e0 non \u00e8 un vestito, non \u00e8 una posa di scena. La parola &#8220;libert\u00e0&#8221; non sia mai accostata alla parola &#8220;io&#8221;.<\/p>\n","protected":false},"excerpt":{"rendered":"<p><p>Un intellettuale dice che non ha spazio su giornali e TV perch\u00e9 lui \u00e8 una persona libera. Uno scrittore, un artista, un politico dicono che non vengono invitati perch\u00e9 loro amano la libert\u00e0, non i compromessi, o gli inciuci. Avete capito: la libert\u00e0 \u00e8 oramai una parola bluff. Se non sei dove vorresti essere, ti convinci che \u00e8 cos\u00ec perch\u00e9 tu, a differenza di altri, sei una persona libera, mentre gli altri sono in TV, sui giornali, alle fiere internazionali, presso grandi editori, perch\u00e9 sono servi della politica, dei compromessi, dei poteri forti, delle mode, delle tendenze, del capitalismo, e [&hellip;]<\/p>\n&nbsp;&nbsp;<div class=\"readmore\"><a href=\"https:\/\/blog.ilgiornale.it\/nannipieri\/2017\/10\/23\/liberta-parola-bluff\/\">Continua a leggere...<\/a><\/div><\/p>","protected":false},"author":1099,"featured_media":0,"comment_status":"open","ping_status":"closed","sticky":false,"template":"","format":"standard","meta":[],"categories":[7610],"tags":[319611],"_links":{"self":[{"href":"https:\/\/blog.ilgiornale.it\/nannipieri\/wp-json\/wp\/v2\/posts\/116"}],"collection":[{"href":"https:\/\/blog.ilgiornale.it\/nannipieri\/wp-json\/wp\/v2\/posts"}],"about":[{"href":"https:\/\/blog.ilgiornale.it\/nannipieri\/wp-json\/wp\/v2\/types\/post"}],"author":[{"embeddable":true,"href":"https:\/\/blog.ilgiornale.it\/nannipieri\/wp-json\/wp\/v2\/users\/1099"}],"replies":[{"embeddable":true,"href":"https:\/\/blog.ilgiornale.it\/nannipieri\/wp-json\/wp\/v2\/comments?post=116"}],"version-history":[{"count":1,"href":"https:\/\/blog.ilgiornale.it\/nannipieri\/wp-json\/wp\/v2\/posts\/116\/revisions"}],"predecessor-version":[{"id":118,"href":"https:\/\/blog.ilgiornale.it\/nannipieri\/wp-json\/wp\/v2\/posts\/116\/revisions\/118"}],"wp:attachment":[{"href":"https:\/\/blog.ilgiornale.it\/nannipieri\/wp-json\/wp\/v2\/media?parent=116"}],"wp:term":[{"taxonomy":"category","embeddable":true,"href":"https:\/\/blog.ilgiornale.it\/nannipieri\/wp-json\/wp\/v2\/categories?post=116"},{"taxonomy":"post_tag","embeddable":true,"href":"https:\/\/blog.ilgiornale.it\/nannipieri\/wp-json\/wp\/v2\/tags?post=116"}],"curies":[{"name":"wp","href":"https:\/\/api.w.org\/{rel}","templated":true}]}}