{"id":122,"date":"2017-10-25T08:09:38","date_gmt":"2017-10-25T06:09:38","guid":{"rendered":"https:\/\/blog.ilgiornale.it\/nannipieri\/?p=122"},"modified":"2017-10-25T08:09:38","modified_gmt":"2017-10-25T06:09:38","slug":"il-neonato-nel-cassonetto","status":"publish","type":"post","link":"https:\/\/blog.ilgiornale.it\/nannipieri\/2017\/10\/25\/il-neonato-nel-cassonetto\/","title":{"rendered":"Il neonato nel cassonetto"},"content":{"rendered":"<p><a href=\"https:\/\/blog.ilgiornale.it\/nannipieri\/files\/2017\/10\/IMG_1356.jpg\"><img loading=\"lazy\" class=\"alignnone size-medium wp-image-123\" src=\"https:\/\/blog.ilgiornale.it\/nannipieri\/files\/2017\/10\/IMG_1356-300x150.jpg\" alt=\"IMG_1356\" width=\"300\" height=\"150\" srcset=\"https:\/\/blog.ilgiornale.it\/nannipieri\/files\/2017\/10\/IMG_1356-300x150.jpg 300w, https:\/\/blog.ilgiornale.it\/nannipieri\/files\/2017\/10\/IMG_1356.jpg 1000w\" sizes=\"(max-width: 300px) 100vw, 300px\" \/><\/a>Le opere d&#8217;arte non sono detersivi per la lavatrice che metti dove capita, dove hai spazio. Le puoi mettere ovunque, come anche un neonato puoi mettere ovunque, ma un conto \u00e8 se lo metti in un culla dondolante, un conto se lo metti su una padella anti-aderente. \u00c8 sempre un problema di attenzione. L&#8217;amore \u00e8 la durata dell&#8217;attenzione, scriveva Simone Weil. Tu ami una persona, un luogo o un oggetto, fintanto gli dai attenzione. Perch\u00e9 l&#8217;attenzione \u00e8 cura, premura, cautela, perdono. Fuori da questa attenzione, si fa spazio l&#8217;esistenza, l&#8217;esistenza indifferenziata, selvaggia, il suicida buttato dalla finestra di una banca, il neonato soffocato nel cassonetto, le opere d&#8217;arte fotocopiate all&#8217;Ikea, i gessi napoleonici tenuti nei magazzini tra i topi. Esiste l&#8217;attenzione e, fuori da essa, solo il feroce mutismo dei corpi.<\/p>\n","protected":false},"excerpt":{"rendered":"<p><p>Le opere d&#8217;arte non sono detersivi per la lavatrice che metti dove capita, dove hai spazio. Le puoi mettere ovunque, come anche un neonato puoi mettere ovunque, ma un conto \u00e8 se lo metti in un culla dondolante, un conto se lo metti su una padella anti-aderente. \u00c8 sempre un problema di attenzione. L&#8217;amore \u00e8 la durata dell&#8217;attenzione, scriveva Simone Weil. Tu ami una persona, un luogo o un oggetto, fintanto gli dai attenzione. Perch\u00e9 l&#8217;attenzione \u00e8 cura, premura, cautela, perdono. Fuori da questa attenzione, si fa spazio l&#8217;esistenza, l&#8217;esistenza indifferenziata, selvaggia, il suicida buttato dalla finestra di una banca, [&hellip;]<\/p>\n&nbsp;&nbsp;<div class=\"readmore\"><a href=\"https:\/\/blog.ilgiornale.it\/nannipieri\/2017\/10\/25\/il-neonato-nel-cassonetto\/\">Continua a leggere...<\/a><\/div><\/p>","protected":false},"author":1099,"featured_media":0,"comment_status":"open","ping_status":"closed","sticky":false,"template":"","format":"standard","meta":[],"categories":[9894,5461],"tags":[319613,372,275095,275346,274700],"_links":{"self":[{"href":"https:\/\/blog.ilgiornale.it\/nannipieri\/wp-json\/wp\/v2\/posts\/122"}],"collection":[{"href":"https:\/\/blog.ilgiornale.it\/nannipieri\/wp-json\/wp\/v2\/posts"}],"about":[{"href":"https:\/\/blog.ilgiornale.it\/nannipieri\/wp-json\/wp\/v2\/types\/post"}],"author":[{"embeddable":true,"href":"https:\/\/blog.ilgiornale.it\/nannipieri\/wp-json\/wp\/v2\/users\/1099"}],"replies":[{"embeddable":true,"href":"https:\/\/blog.ilgiornale.it\/nannipieri\/wp-json\/wp\/v2\/comments?post=122"}],"version-history":[{"count":1,"href":"https:\/\/blog.ilgiornale.it\/nannipieri\/wp-json\/wp\/v2\/posts\/122\/revisions"}],"predecessor-version":[{"id":124,"href":"https:\/\/blog.ilgiornale.it\/nannipieri\/wp-json\/wp\/v2\/posts\/122\/revisions\/124"}],"wp:attachment":[{"href":"https:\/\/blog.ilgiornale.it\/nannipieri\/wp-json\/wp\/v2\/media?parent=122"}],"wp:term":[{"taxonomy":"category","embeddable":true,"href":"https:\/\/blog.ilgiornale.it\/nannipieri\/wp-json\/wp\/v2\/categories?post=122"},{"taxonomy":"post_tag","embeddable":true,"href":"https:\/\/blog.ilgiornale.it\/nannipieri\/wp-json\/wp\/v2\/tags?post=122"}],"curies":[{"name":"wp","href":"https:\/\/api.w.org\/{rel}","templated":true}]}}