{"id":135,"date":"2017-10-29T08:18:13","date_gmt":"2017-10-29T07:18:13","guid":{"rendered":"https:\/\/blog.ilgiornale.it\/nannipieri\/?p=135"},"modified":"2017-10-29T08:23:11","modified_gmt":"2017-10-29T07:23:11","slug":"nella-tomba-con-la-chiavetta-usb","status":"publish","type":"post","link":"https:\/\/blog.ilgiornale.it\/nannipieri\/2017\/10\/29\/nella-tomba-con-la-chiavetta-usb\/","title":{"rendered":"Nella tomba con la chiavetta USB"},"content":{"rendered":"<p><a href=\"https:\/\/blog.ilgiornale.it\/nannipieri\/files\/2017\/10\/IMG_1507.jpg\"><img loading=\"lazy\" class=\"alignnone size-medium wp-image-138\" src=\"https:\/\/blog.ilgiornale.it\/nannipieri\/files\/2017\/10\/IMG_1507-300x200.jpg\" alt=\"IMG_1507\" width=\"300\" height=\"200\" srcset=\"https:\/\/blog.ilgiornale.it\/nannipieri\/files\/2017\/10\/IMG_1507-300x200.jpg 300w, https:\/\/blog.ilgiornale.it\/nannipieri\/files\/2017\/10\/IMG_1507-1024x681.jpg 1024w, https:\/\/blog.ilgiornale.it\/nannipieri\/files\/2017\/10\/IMG_1507.jpg 2000w\" sizes=\"(max-width: 300px) 100vw, 300px\" \/><\/a>Dicono che scompariranno i libri. Tutto sar\u00e0 digitale, non su carta. Un mio caro amico, sopravvissuto ai campi di sterminio, si fece mettere nella bara, quando mor\u00ec, il suo libro di memorie dai campi. Cosa metteremmo dunque nella bara oggi se scompare la carta? Una chiavetta usb? Un computer portatile con dentro il file delle nostre memorie? L&#8217;iPad con la versione online? Mia nonna aveva un rosario tra le dita quando \u00e8 stata seppellita. Arriveremo a sopprimere anche quella minima presenza tenuta in mano dai defunti per millenni? La virtualit\u00e0 vincer\u00e0 anche sulla realt\u00e0 del corpo morto? Il corpo morto sar\u00e0 sostituito come la carta dei libri da una chiavetta usb? Oppure esiste un punto di insopprimibile, irriducibile presenza del Creato (il nostro essere creature, il nostro originarsi dall&#8217;incontro tra uno spermatozoo e un ovulo, il nostro nascere dall&#8217;utero della madre, il nostro morire tra le braccia dei cari, la carezza sulla guancia, il masso che cade fragoroso dalla montagna) che non pu\u00f2 essere cancellato neppure dalla pi\u00f9 voragica delle tecnologie virtuali?<\/p>\n","protected":false},"excerpt":{"rendered":"<p><p>Dicono che scompariranno i libri. Tutto sar\u00e0 digitale, non su carta. Un mio caro amico, sopravvissuto ai campi di sterminio, si fece mettere nella bara, quando mor\u00ec, il suo libro di memorie dai campi. Cosa metteremmo dunque nella bara oggi se scompare la carta? Una chiavetta usb? Un computer portatile con dentro il file delle nostre memorie? L&#8217;iPad con la versione online? Mia nonna aveva un rosario tra le dita quando \u00e8 stata seppellita. Arriveremo a sopprimere anche quella minima presenza tenuta in mano dai defunti per millenni? La virtualit\u00e0 vincer\u00e0 anche sulla realt\u00e0 del corpo morto? Il corpo morto [&hellip;]<\/p>\n&nbsp;&nbsp;<div class=\"readmore\"><a href=\"https:\/\/blog.ilgiornale.it\/nannipieri\/2017\/10\/29\/nella-tomba-con-la-chiavetta-usb\/\">Continua a leggere...<\/a><\/div><\/p>","protected":false},"author":1099,"featured_media":0,"comment_status":"open","ping_status":"closed","sticky":false,"template":"","format":"standard","meta":[],"categories":[47],"tags":[319603,22723,50166,83688],"_links":{"self":[{"href":"https:\/\/blog.ilgiornale.it\/nannipieri\/wp-json\/wp\/v2\/posts\/135"}],"collection":[{"href":"https:\/\/blog.ilgiornale.it\/nannipieri\/wp-json\/wp\/v2\/posts"}],"about":[{"href":"https:\/\/blog.ilgiornale.it\/nannipieri\/wp-json\/wp\/v2\/types\/post"}],"author":[{"embeddable":true,"href":"https:\/\/blog.ilgiornale.it\/nannipieri\/wp-json\/wp\/v2\/users\/1099"}],"replies":[{"embeddable":true,"href":"https:\/\/blog.ilgiornale.it\/nannipieri\/wp-json\/wp\/v2\/comments?post=135"}],"version-history":[{"count":2,"href":"https:\/\/blog.ilgiornale.it\/nannipieri\/wp-json\/wp\/v2\/posts\/135\/revisions"}],"predecessor-version":[{"id":139,"href":"https:\/\/blog.ilgiornale.it\/nannipieri\/wp-json\/wp\/v2\/posts\/135\/revisions\/139"}],"wp:attachment":[{"href":"https:\/\/blog.ilgiornale.it\/nannipieri\/wp-json\/wp\/v2\/media?parent=135"}],"wp:term":[{"taxonomy":"category","embeddable":true,"href":"https:\/\/blog.ilgiornale.it\/nannipieri\/wp-json\/wp\/v2\/categories?post=135"},{"taxonomy":"post_tag","embeddable":true,"href":"https:\/\/blog.ilgiornale.it\/nannipieri\/wp-json\/wp\/v2\/tags?post=135"}],"curies":[{"name":"wp","href":"https:\/\/api.w.org\/{rel}","templated":true}]}}