{"id":144,"date":"2017-10-31T08:16:14","date_gmt":"2017-10-31T07:16:14","guid":{"rendered":"https:\/\/blog.ilgiornale.it\/nannipieri\/?p=144"},"modified":"2017-10-31T08:16:14","modified_gmt":"2017-10-31T07:16:14","slug":"la-bellezza-o-la-maionese","status":"publish","type":"post","link":"https:\/\/blog.ilgiornale.it\/nannipieri\/2017\/10\/31\/la-bellezza-o-la-maionese\/","title":{"rendered":"La bellezza o la maionese?"},"content":{"rendered":"<p><a href=\"https:\/\/blog.ilgiornale.it\/nannipieri\/files\/2017\/10\/IMG_1623.jpg\"><img loading=\"lazy\" class=\"alignnone size-medium wp-image-145\" src=\"https:\/\/blog.ilgiornale.it\/nannipieri\/files\/2017\/10\/IMG_1623-300x200.jpg\" alt=\"IMG_1623\" width=\"300\" height=\"200\" srcset=\"https:\/\/blog.ilgiornale.it\/nannipieri\/files\/2017\/10\/IMG_1623-300x200.jpg 300w, https:\/\/blog.ilgiornale.it\/nannipieri\/files\/2017\/10\/IMG_1623.jpg 990w\" sizes=\"(max-width: 300px) 100vw, 300px\" \/><\/a>Milioni di persone, ogni anno, vanno a vedere e fotografare Piazza dei Miracoli a Pisa. Nessuno invece va e fotografa la periferia di Pisa. Quando si dice che la bellezza \u00e8 soggettiva, che dipende dai gusti, che a me piace questo mentre a te piace quest&#8217;altro, e che ognuno ha la sua idea di bellezza, spiegatemi questo: perch\u00e9 in Piazza dei Miracoli ci vanno milioni di persone, mentre tra i palazzacci della periferia non ci va nessuno? Perch\u00e9 davanti al Giudizio Universale della Cappella Sistina tutti alzano lo sguardo e ne rimangono colpiti, mentre invece nessuno penserebbe di fotografare l&#8217;entrata dell&#8217;Ikea? Se la bellezza fosse soggettiva, uno sarebbe colpito da Michelangelo, l&#8217;altro da un tubetto di maionese. E invece? E invece accade che tutti compriamo la maionese per le tartine ma non rimaniamo stupefatti dal tubetto. Mentre invece di fronte a Michelangelo, di fronte alla Torre pendente di Pisa, di fronte a San Pietro o alla Sagrada Familia, tutti ad alzare testa e sguardo. Perch\u00e9? Perch\u00e9 la bellezza \u00e8 complessit\u00e0, ambiguit\u00e0, creazione, inquietudine. La bellezza ti apre a dismisure dell&#8217;anima che un tubetto di maionese o un palazzaccio di periferia mai faranno. &#8220;Il bello \u00e8 solo l&#8217;inizio del tremendo&#8221;, scriveva Rilke. E quando lo scrisse, lo presero per pazzo.<\/p>\n","protected":false},"excerpt":{"rendered":"<p><p>Milioni di persone, ogni anno, vanno a vedere e fotografare Piazza dei Miracoli a Pisa. Nessuno invece va e fotografa la periferia di Pisa. Quando si dice che la bellezza \u00e8 soggettiva, che dipende dai gusti, che a me piace questo mentre a te piace quest&#8217;altro, e che ognuno ha la sua idea di bellezza, spiegatemi questo: perch\u00e9 in Piazza dei Miracoli ci vanno milioni di persone, mentre tra i palazzacci della periferia non ci va nessuno? Perch\u00e9 davanti al Giudizio Universale della Cappella Sistina tutti alzano lo sguardo e ne rimangono colpiti, mentre invece nessuno penserebbe di fotografare l&#8217;entrata [&hellip;]<\/p>\n&nbsp;&nbsp;<div class=\"readmore\"><a href=\"https:\/\/blog.ilgiornale.it\/nannipieri\/2017\/10\/31\/la-bellezza-o-la-maionese\/\">Continua a leggere...<\/a><\/div><\/p>","protected":false},"author":1099,"featured_media":0,"comment_status":"open","ping_status":"closed","sticky":false,"template":"","format":"standard","meta":[],"categories":[9894],"tags":[58942,277077,51707,50913,395,49304,396],"_links":{"self":[{"href":"https:\/\/blog.ilgiornale.it\/nannipieri\/wp-json\/wp\/v2\/posts\/144"}],"collection":[{"href":"https:\/\/blog.ilgiornale.it\/nannipieri\/wp-json\/wp\/v2\/posts"}],"about":[{"href":"https:\/\/blog.ilgiornale.it\/nannipieri\/wp-json\/wp\/v2\/types\/post"}],"author":[{"embeddable":true,"href":"https:\/\/blog.ilgiornale.it\/nannipieri\/wp-json\/wp\/v2\/users\/1099"}],"replies":[{"embeddable":true,"href":"https:\/\/blog.ilgiornale.it\/nannipieri\/wp-json\/wp\/v2\/comments?post=144"}],"version-history":[{"count":1,"href":"https:\/\/blog.ilgiornale.it\/nannipieri\/wp-json\/wp\/v2\/posts\/144\/revisions"}],"predecessor-version":[{"id":146,"href":"https:\/\/blog.ilgiornale.it\/nannipieri\/wp-json\/wp\/v2\/posts\/144\/revisions\/146"}],"wp:attachment":[{"href":"https:\/\/blog.ilgiornale.it\/nannipieri\/wp-json\/wp\/v2\/media?parent=144"}],"wp:term":[{"taxonomy":"category","embeddable":true,"href":"https:\/\/blog.ilgiornale.it\/nannipieri\/wp-json\/wp\/v2\/categories?post=144"},{"taxonomy":"post_tag","embeddable":true,"href":"https:\/\/blog.ilgiornale.it\/nannipieri\/wp-json\/wp\/v2\/tags?post=144"}],"curies":[{"name":"wp","href":"https:\/\/api.w.org\/{rel}","templated":true}]}}