{"id":159,"date":"2017-11-05T08:14:24","date_gmt":"2017-11-05T07:14:24","guid":{"rendered":"https:\/\/blog.ilgiornale.it\/nannipieri\/?p=159"},"modified":"2017-11-05T08:14:24","modified_gmt":"2017-11-05T07:14:24","slug":"roma-monnezza","status":"publish","type":"post","link":"https:\/\/blog.ilgiornale.it\/nannipieri\/2017\/11\/05\/roma-monnezza\/","title":{"rendered":"Roma monnezza"},"content":{"rendered":"<p><a href=\"https:\/\/blog.ilgiornale.it\/nannipieri\/files\/2017\/11\/IMG_2078.jpg\"><img loading=\"lazy\" class=\"alignnone size-medium wp-image-160\" src=\"https:\/\/blog.ilgiornale.it\/nannipieri\/files\/2017\/11\/IMG_2078-300x209.jpg\" alt=\"IMG_2078\" width=\"300\" height=\"209\" srcset=\"https:\/\/blog.ilgiornale.it\/nannipieri\/files\/2017\/11\/IMG_2078-300x209.jpg 300w, https:\/\/blog.ilgiornale.it\/nannipieri\/files\/2017\/11\/IMG_2078.jpg 990w\" sizes=\"(max-width: 300px) 100vw, 300px\" \/><\/a>Roma peggiora a vista d&#8217;occhio. L&#8217;immondizia \u00e8 ormai una condizione dell&#8217;anima, uno status psicologico, un abito. Non te ne accorgi neppure pi\u00f9. Ci abiti attorno, ci convivi, la accetti quasi naturalmente, come naturalmente accetti le rughe sul volto e i capelli che si imbiancano. Inizia a far parte di te, ad entrare nel paesaggio interiore ed esteriore che ti aspetti. Una discarica improvvisata in pi\u00f9 o in meno, sulla via Tuscolana o sulla Flaminia, non la rilevi neppure. La dai per scontata. Appunto fa parte del paesaggio consueto, come gli uccelli e i platani sul Lungotevere. \u00c8 il momento peggiore: il momento in cui un cancro da pericolo diventa convivenza, accettazione, quotidiano concubinato. Non esiste solo la cura della bellezza. Esiste anche la cura della bruttezza, ed \u00e8 quando ti convinci che, in fondo, la sporcizia c&#8217;\u00e8 sempre stata, che l&#8217;ideologia igienista esagera tutto, anche la percezione della monnezza, che i grafici della raccolta differenziata sono in miglioramento. Quando lo stomaco non ti si rivolta pi\u00f9 dallo schifo e lo accetti. \u00c8 questo il momento della sconfitta. E Roma \u00e8 sconfitta.<\/p>\n","protected":false},"excerpt":{"rendered":"<p><p>Roma peggiora a vista d&#8217;occhio. L&#8217;immondizia \u00e8 ormai una condizione dell&#8217;anima, uno status psicologico, un abito. Non te ne accorgi neppure pi\u00f9. Ci abiti attorno, ci convivi, la accetti quasi naturalmente, come naturalmente accetti le rughe sul volto e i capelli che si imbiancano. Inizia a far parte di te, ad entrare nel paesaggio interiore ed esteriore che ti aspetti. Una discarica improvvisata in pi\u00f9 o in meno, sulla via Tuscolana o sulla Flaminia, non la rilevi neppure. La dai per scontata. Appunto fa parte del paesaggio consueto, come gli uccelli e i platani sul Lungotevere. \u00c8 il momento peggiore: [&hellip;]<\/p>\n&nbsp;&nbsp;<div class=\"readmore\"><a href=\"https:\/\/blog.ilgiornale.it\/nannipieri\/2017\/11\/05\/roma-monnezza\/\">Continua a leggere...<\/a><\/div><\/p>","protected":false},"author":1099,"featured_media":0,"comment_status":"open","ping_status":"closed","sticky":false,"template":"","format":"standard","meta":[],"categories":[2669],"tags":[278653,149095,278138,319609,278468],"_links":{"self":[{"href":"https:\/\/blog.ilgiornale.it\/nannipieri\/wp-json\/wp\/v2\/posts\/159"}],"collection":[{"href":"https:\/\/blog.ilgiornale.it\/nannipieri\/wp-json\/wp\/v2\/posts"}],"about":[{"href":"https:\/\/blog.ilgiornale.it\/nannipieri\/wp-json\/wp\/v2\/types\/post"}],"author":[{"embeddable":true,"href":"https:\/\/blog.ilgiornale.it\/nannipieri\/wp-json\/wp\/v2\/users\/1099"}],"replies":[{"embeddable":true,"href":"https:\/\/blog.ilgiornale.it\/nannipieri\/wp-json\/wp\/v2\/comments?post=159"}],"version-history":[{"count":1,"href":"https:\/\/blog.ilgiornale.it\/nannipieri\/wp-json\/wp\/v2\/posts\/159\/revisions"}],"predecessor-version":[{"id":161,"href":"https:\/\/blog.ilgiornale.it\/nannipieri\/wp-json\/wp\/v2\/posts\/159\/revisions\/161"}],"wp:attachment":[{"href":"https:\/\/blog.ilgiornale.it\/nannipieri\/wp-json\/wp\/v2\/media?parent=159"}],"wp:term":[{"taxonomy":"category","embeddable":true,"href":"https:\/\/blog.ilgiornale.it\/nannipieri\/wp-json\/wp\/v2\/categories?post=159"},{"taxonomy":"post_tag","embeddable":true,"href":"https:\/\/blog.ilgiornale.it\/nannipieri\/wp-json\/wp\/v2\/tags?post=159"}],"curies":[{"name":"wp","href":"https:\/\/api.w.org\/{rel}","templated":true}]}}