{"id":210,"date":"2017-11-20T07:48:44","date_gmt":"2017-11-20T06:48:44","guid":{"rendered":"https:\/\/blog.ilgiornale.it\/nannipieri\/?p=210"},"modified":"2017-11-20T07:48:44","modified_gmt":"2017-11-20T06:48:44","slug":"fare-lamore-e-morire-nello-stesso-letto","status":"publish","type":"post","link":"https:\/\/blog.ilgiornale.it\/nannipieri\/2017\/11\/20\/fare-lamore-e-morire-nello-stesso-letto\/","title":{"rendered":"Fare l&#8217;amore e morire nello stesso letto"},"content":{"rendered":"<p><a href=\"https:\/\/blog.ilgiornale.it\/nannipieri\/files\/2017\/11\/IMG_2271.jpg\"><img loading=\"lazy\" class=\"alignnone size-medium wp-image-211\" src=\"https:\/\/blog.ilgiornale.it\/nannipieri\/files\/2017\/11\/IMG_2271-300x200.jpg\" alt=\"IMG_2271\" width=\"300\" height=\"200\" srcset=\"https:\/\/blog.ilgiornale.it\/nannipieri\/files\/2017\/11\/IMG_2271-300x200.jpg 300w, https:\/\/blog.ilgiornale.it\/nannipieri\/files\/2017\/11\/IMG_2271.jpg 500w\" sizes=\"(max-width: 300px) 100vw, 300px\" \/><\/a>&#8220;Una giornata di lavoro. Mio padre lavorava; mia madre aveva gi\u00e0 altri figli; e poi l\u00e0, nel letto, dove sono nato, che \u00e8 lo stesso dove dormo adesso, lo stesso letto dove sono morti loro, dove si sono amati, dove hanno unito questa loro fatica e questo loro affetto, questo loro amore, e sono diventati secondo quel che \u00e8 detto anche nei libri santi &#8216;un corpo solo e un&#8217;anima sola&#8217; e hanno probabilmente liberato la loro fatica nel loro amore, il loro dolore nella loro gioia, perch\u00e9 gioia \u00e8, si pu\u00f2 dire, anzi credo che si debba dire, che questa \u00e8 gioia; grande gioia e anche sperdutezza; cio\u00e8 una gioia che va oltre quella che si sa, quella che si comprende, quella che si conosce&#8221;. Ho lasciato lo spazio a lui, a Giovanni Testori, questa volta, perch\u00e9 lo spazio si cede volentieri ai maestri che riescono ad illimpidire il nostro mondo. Avevamo in bocca le stesse parole, ma non sapevamo dirle.<\/p>\n","protected":false},"excerpt":{"rendered":"<p><p>&#8220;Una giornata di lavoro. Mio padre lavorava; mia madre aveva gi\u00e0 altri figli; e poi l\u00e0, nel letto, dove sono nato, che \u00e8 lo stesso dove dormo adesso, lo stesso letto dove sono morti loro, dove si sono amati, dove hanno unito questa loro fatica e questo loro affetto, questo loro amore, e sono diventati secondo quel che \u00e8 detto anche nei libri santi &#8216;un corpo solo e un&#8217;anima sola&#8217; e hanno probabilmente liberato la loro fatica nel loro amore, il loro dolore nella loro gioia, perch\u00e9 gioia \u00e8, si pu\u00f2 dire, anzi credo che si debba dire, che questa [&hellip;]<\/p>\n&nbsp;&nbsp;<div class=\"readmore\"><a href=\"https:\/\/blog.ilgiornale.it\/nannipieri\/2017\/11\/20\/fare-lamore-e-morire-nello-stesso-letto\/\">Continua a leggere...<\/a><\/div><\/p>","protected":false},"author":1099,"featured_media":0,"comment_status":"open","ping_status":"closed","sticky":false,"template":"","format":"standard","meta":[],"categories":[9894,47],"tags":[283584,41785,495,267615],"_links":{"self":[{"href":"https:\/\/blog.ilgiornale.it\/nannipieri\/wp-json\/wp\/v2\/posts\/210"}],"collection":[{"href":"https:\/\/blog.ilgiornale.it\/nannipieri\/wp-json\/wp\/v2\/posts"}],"about":[{"href":"https:\/\/blog.ilgiornale.it\/nannipieri\/wp-json\/wp\/v2\/types\/post"}],"author":[{"embeddable":true,"href":"https:\/\/blog.ilgiornale.it\/nannipieri\/wp-json\/wp\/v2\/users\/1099"}],"replies":[{"embeddable":true,"href":"https:\/\/blog.ilgiornale.it\/nannipieri\/wp-json\/wp\/v2\/comments?post=210"}],"version-history":[{"count":1,"href":"https:\/\/blog.ilgiornale.it\/nannipieri\/wp-json\/wp\/v2\/posts\/210\/revisions"}],"predecessor-version":[{"id":212,"href":"https:\/\/blog.ilgiornale.it\/nannipieri\/wp-json\/wp\/v2\/posts\/210\/revisions\/212"}],"wp:attachment":[{"href":"https:\/\/blog.ilgiornale.it\/nannipieri\/wp-json\/wp\/v2\/media?parent=210"}],"wp:term":[{"taxonomy":"category","embeddable":true,"href":"https:\/\/blog.ilgiornale.it\/nannipieri\/wp-json\/wp\/v2\/categories?post=210"},{"taxonomy":"post_tag","embeddable":true,"href":"https:\/\/blog.ilgiornale.it\/nannipieri\/wp-json\/wp\/v2\/tags?post=210"}],"curies":[{"name":"wp","href":"https:\/\/api.w.org\/{rel}","templated":true}]}}