{"id":218,"date":"2017-11-22T07:33:58","date_gmt":"2017-11-22T06:33:58","guid":{"rendered":"https:\/\/blog.ilgiornale.it\/nannipieri\/?p=218"},"modified":"2017-11-22T07:33:58","modified_gmt":"2017-11-22T06:33:58","slug":"viva-il-lavoro-nero","status":"publish","type":"post","link":"https:\/\/blog.ilgiornale.it\/nannipieri\/2017\/11\/22\/viva-il-lavoro-nero\/","title":{"rendered":"Viva il lavoro nero"},"content":{"rendered":"<p><a href=\"https:\/\/blog.ilgiornale.it\/nannipieri\/files\/2017\/11\/IMG_2314.jpg\"><img loading=\"lazy\" class=\"alignnone size-medium wp-image-219\" src=\"https:\/\/blog.ilgiornale.it\/nannipieri\/files\/2017\/11\/IMG_2314-300x169.jpg\" alt=\"IMG_2314\" width=\"300\" height=\"169\" srcset=\"https:\/\/blog.ilgiornale.it\/nannipieri\/files\/2017\/11\/IMG_2314-300x169.jpg 300w, https:\/\/blog.ilgiornale.it\/nannipieri\/files\/2017\/11\/IMG_2314-1024x576.jpg 1024w, https:\/\/blog.ilgiornale.it\/nannipieri\/files\/2017\/11\/IMG_2314.jpg 1280w\" sizes=\"(max-width: 300px) 100vw, 300px\" \/><\/a>L&#8217;Italia \u00e8 stata fondata dagli artisti, dagli insegnanti e dai disoccupati. Allora si dicano le cose come si deve: l&#8217;Italia \u00e8 stata fondata dal nero, dal lavoro nero, dal lavoro non fiscalizzato. Tutti gli artisti lavorano (fortunatamente) al nero. Quasi tutti gli insegnanti fanno ripetizioni a casa (fortunatamente) al nero. E i disoccupati continueranno a dirsi disoccupati perch\u00e9 i lavori che fanno conviene loro farli (fortunatamente) al nero. Stanno compiendo un reato? In realt\u00e0 stanno mettendo in pratica un precetto di Montesquieu: &#8220;un potere per sua natura tende ad espandersi, fintanto non trova un altro potere che gli fa da argine&#8221;. Lo Stato per sua natura tende ad espandere il proprio potere vessatorio e tassatorio: prima l&#8217;IVA al 20%, poi al 21%, poi al 22, poi al 23, e si allargher\u00e0 fintanto non capir\u00e0 che tanto pi\u00f9 vessa, pi\u00f9 tassa, pi\u00f9 impone pagamenti, quanto pi\u00f9 uno evade, non dichiara, lavora in nero. Lo hanno capito oramai generazioni di insegnanti, artisti, disoccupati e imprenditori, che infatti mettono in pratica Montesquieu: &#8220;Perch\u00e9 un potere non abusi di se stesso, occorre che il potere arresti il potere&#8221;. Vediamo quante generazioni di statisti e politici ci vorranno perch\u00e9 loro lo capiscano e invertano la rotta.<\/p>\n","protected":false},"excerpt":{"rendered":"<p><p>L&#8217;Italia \u00e8 stata fondata dagli artisti, dagli insegnanti e dai disoccupati. Allora si dicano le cose come si deve: l&#8217;Italia \u00e8 stata fondata dal nero, dal lavoro nero, dal lavoro non fiscalizzato. Tutti gli artisti lavorano (fortunatamente) al nero. Quasi tutti gli insegnanti fanno ripetizioni a casa (fortunatamente) al nero. E i disoccupati continueranno a dirsi disoccupati perch\u00e9 i lavori che fanno conviene loro farli (fortunatamente) al nero. Stanno compiendo un reato? In realt\u00e0 stanno mettendo in pratica un precetto di Montesquieu: &#8220;un potere per sua natura tende ad espandersi, fintanto non trova un altro potere che gli fa da [&hellip;]<\/p>\n&nbsp;&nbsp;<div class=\"readmore\"><a href=\"https:\/\/blog.ilgiornale.it\/nannipieri\/2017\/11\/22\/viva-il-lavoro-nero\/\">Continua a leggere...<\/a><\/div><\/p>","protected":false},"author":1099,"featured_media":0,"comment_status":"open","ping_status":"closed","sticky":false,"template":"","format":"standard","meta":[],"categories":[45041],"tags":[502,3818,503,27495,283898],"_links":{"self":[{"href":"https:\/\/blog.ilgiornale.it\/nannipieri\/wp-json\/wp\/v2\/posts\/218"}],"collection":[{"href":"https:\/\/blog.ilgiornale.it\/nannipieri\/wp-json\/wp\/v2\/posts"}],"about":[{"href":"https:\/\/blog.ilgiornale.it\/nannipieri\/wp-json\/wp\/v2\/types\/post"}],"author":[{"embeddable":true,"href":"https:\/\/blog.ilgiornale.it\/nannipieri\/wp-json\/wp\/v2\/users\/1099"}],"replies":[{"embeddable":true,"href":"https:\/\/blog.ilgiornale.it\/nannipieri\/wp-json\/wp\/v2\/comments?post=218"}],"version-history":[{"count":1,"href":"https:\/\/blog.ilgiornale.it\/nannipieri\/wp-json\/wp\/v2\/posts\/218\/revisions"}],"predecessor-version":[{"id":220,"href":"https:\/\/blog.ilgiornale.it\/nannipieri\/wp-json\/wp\/v2\/posts\/218\/revisions\/220"}],"wp:attachment":[{"href":"https:\/\/blog.ilgiornale.it\/nannipieri\/wp-json\/wp\/v2\/media?parent=218"}],"wp:term":[{"taxonomy":"category","embeddable":true,"href":"https:\/\/blog.ilgiornale.it\/nannipieri\/wp-json\/wp\/v2\/categories?post=218"},{"taxonomy":"post_tag","embeddable":true,"href":"https:\/\/blog.ilgiornale.it\/nannipieri\/wp-json\/wp\/v2\/tags?post=218"}],"curies":[{"name":"wp","href":"https:\/\/api.w.org\/{rel}","templated":true}]}}