{"id":225,"date":"2017-11-24T07:58:30","date_gmt":"2017-11-24T06:58:30","guid":{"rendered":"https:\/\/blog.ilgiornale.it\/nannipieri\/?p=225"},"modified":"2017-11-24T07:58:30","modified_gmt":"2017-11-24T06:58:30","slug":"elogio-del-dito-medio","status":"publish","type":"post","link":"https:\/\/blog.ilgiornale.it\/nannipieri\/2017\/11\/24\/elogio-del-dito-medio\/","title":{"rendered":"Elogio del dito medio"},"content":{"rendered":"<p><a href=\"https:\/\/blog.ilgiornale.it\/nannipieri\/files\/2017\/11\/IMG_2384.jpg\"><img loading=\"lazy\" class=\"alignnone size-medium wp-image-226\" src=\"https:\/\/blog.ilgiornale.it\/nannipieri\/files\/2017\/11\/IMG_2384-199x300.jpg\" alt=\"IMG_2384\" width=\"199\" height=\"300\" srcset=\"https:\/\/blog.ilgiornale.it\/nannipieri\/files\/2017\/11\/IMG_2384-199x300.jpg 199w, https:\/\/blog.ilgiornale.it\/nannipieri\/files\/2017\/11\/IMG_2384.jpg 299w\" sizes=\"(max-width: 199px) 100vw, 199px\" \/><\/a>In fondo, ha una sua saggezza. Il dito medio &#8211; dico &#8211; ha una sua saggezza. Uno ti offende e tu invece di sferrargli una pedata tra i denti, moderi calorie, energie e risorse umane, alzi la mano e tiri fuori solo il dito che sta in mezzo e lo punti in alto. Il gesto non \u00e8 elegante, ma in fondo hai risparmiato calorie, cerotti e che qualcuno chiami l&#8217;ambulanza. Anche in Piazza Affari a Milano si sono evitati sommosse, disordini e spargimenti di sangue, con un dito medio. \u00c8 la piazza simbolo delle attivit\u00e0 finanziarie, delle speculazioni, dei + e dei &#8211; che fanno crollare aziende, societ\u00e0, quotazioni, uomini gi\u00f9 dalla finestra come suicidi, uomini che non ce la fanno a reggere l&#8217;economia e si tirano un colpo di fucile in bocca. Poteva essere la piazza delle insurrezioni, delle ribellioni bellicose al Dio denaro, invece tutto si \u00e8 moderato istituendo un magnifico Dito medio in scultura (dell&#8217;artista Maurizio Cattelan), davanti al palazzo della Borsa. Il titolo dice tutto: l.o.v.e. Acronimo di libert\u00e0, odio, vendetta, eternit\u00e0. I diti medi, ancorch\u00e9 ineleganti, salvano sempre vite umane.<\/p>\n","protected":false},"excerpt":{"rendered":"<p><p>In fondo, ha una sua saggezza. Il dito medio &#8211; dico &#8211; ha una sua saggezza. Uno ti offende e tu invece di sferrargli una pedata tra i denti, moderi calorie, energie e risorse umane, alzi la mano e tiri fuori solo il dito che sta in mezzo e lo punti in alto. Il gesto non \u00e8 elegante, ma in fondo hai risparmiato calorie, cerotti e che qualcuno chiami l&#8217;ambulanza. Anche in Piazza Affari a Milano si sono evitati sommosse, disordini e spargimenti di sangue, con un dito medio. \u00c8 la piazza simbolo delle attivit\u00e0 finanziarie, delle speculazioni, dei + [&hellip;]<\/p>\n&nbsp;&nbsp;<div class=\"readmore\"><a href=\"https:\/\/blog.ilgiornale.it\/nannipieri\/2017\/11\/24\/elogio-del-dito-medio\/\">Continua a leggere...<\/a><\/div><\/p>","protected":false},"author":1099,"featured_media":0,"comment_status":"open","ping_status":"closed","sticky":false,"template":"","format":"standard","meta":[],"categories":[9894],"tags":[508,59305,249,15706],"_links":{"self":[{"href":"https:\/\/blog.ilgiornale.it\/nannipieri\/wp-json\/wp\/v2\/posts\/225"}],"collection":[{"href":"https:\/\/blog.ilgiornale.it\/nannipieri\/wp-json\/wp\/v2\/posts"}],"about":[{"href":"https:\/\/blog.ilgiornale.it\/nannipieri\/wp-json\/wp\/v2\/types\/post"}],"author":[{"embeddable":true,"href":"https:\/\/blog.ilgiornale.it\/nannipieri\/wp-json\/wp\/v2\/users\/1099"}],"replies":[{"embeddable":true,"href":"https:\/\/blog.ilgiornale.it\/nannipieri\/wp-json\/wp\/v2\/comments?post=225"}],"version-history":[{"count":1,"href":"https:\/\/blog.ilgiornale.it\/nannipieri\/wp-json\/wp\/v2\/posts\/225\/revisions"}],"predecessor-version":[{"id":227,"href":"https:\/\/blog.ilgiornale.it\/nannipieri\/wp-json\/wp\/v2\/posts\/225\/revisions\/227"}],"wp:attachment":[{"href":"https:\/\/blog.ilgiornale.it\/nannipieri\/wp-json\/wp\/v2\/media?parent=225"}],"wp:term":[{"taxonomy":"category","embeddable":true,"href":"https:\/\/blog.ilgiornale.it\/nannipieri\/wp-json\/wp\/v2\/categories?post=225"},{"taxonomy":"post_tag","embeddable":true,"href":"https:\/\/blog.ilgiornale.it\/nannipieri\/wp-json\/wp\/v2\/tags?post=225"}],"curies":[{"name":"wp","href":"https:\/\/api.w.org\/{rel}","templated":true}]}}