{"id":228,"date":"2017-11-25T09:41:29","date_gmt":"2017-11-25T08:41:29","guid":{"rendered":"https:\/\/blog.ilgiornale.it\/nannipieri\/?p=228"},"modified":"2017-11-25T09:41:29","modified_gmt":"2017-11-25T08:41:29","slug":"diamo-gli-uffizi-a-mr-bean","status":"publish","type":"post","link":"https:\/\/blog.ilgiornale.it\/nannipieri\/2017\/11\/25\/diamo-gli-uffizi-a-mr-bean\/","title":{"rendered":"Diamo gli Uffizi a Mr Bean"},"content":{"rendered":"<p><a href=\"https:\/\/blog.ilgiornale.it\/nannipieri\/files\/2017\/11\/IMG_2386.png\"><img loading=\"lazy\" class=\"alignnone size-medium wp-image-229\" src=\"https:\/\/blog.ilgiornale.it\/nannipieri\/files\/2017\/11\/IMG_2386-272x300.png\" alt=\"IMG_2386\" width=\"272\" height=\"300\" srcset=\"https:\/\/blog.ilgiornale.it\/nannipieri\/files\/2017\/11\/IMG_2386-272x300.png 272w, https:\/\/blog.ilgiornale.it\/nannipieri\/files\/2017\/11\/IMG_2386.png 435w\" sizes=\"(max-width: 272px) 100vw, 272px\" \/><\/a>L&#8217;Universit\u00e0 di Tor Vergata a Roma ha dato la laurea honoris causa in Beni Culturali al comico Carlo Verdone. L&#8217;importante Palazzo Ducale di Genova \u00e8 stato affidato al comico televisivo Luca Bizzarri. Cosa aspettiamo a dare gli Uffizi a Mr Bean? La totale confusione in cui versa il settore dei Beni culturali si vede da queste spie che, solo unendole assieme, puoi vedere il paesaggio che illuminano. E il paesaggio \u00e8 un disorientamento completo. Verdone \u00e8 un talento del cinema, non si discute. Ma perch\u00e9 allora non diamo all&#8217;archeologo Andrea Carandini un Leone d&#8217;Oro alla carriera alla Mostra internazionale del Cinema di Venezia per i suoi meriti in campo archeologico? Se Verdone \u00e8 emerito nei Beni culturali, Carandini lo \u00e8 nel cinema. Non trovate? Se il comico tv Bizzarri pu\u00f2 dirigere un palazzo come il Ducale di Genova, perch\u00e9 non facciamo il critico d&#8217;arte Gillo Dorfles dirigente di Mediaset o Canale 5? Qual \u00e8 il punto? Che cinema e televisione, nei loro massimi livelli imprenditoriali e produttivi, sono gestiti da persone competenti ed uno sbaglio, nell&#8217;assegnazione dei ruoli, costa milioni di danni. Nei Beni culturali pu\u00f2 esser detto e fatto tutto e il contrario di tutto, tanto il settore irrilevante era ed irrilevante continuer\u00e0 ad essere, in questo totale marasma.<\/p>\n","protected":false},"excerpt":{"rendered":"<p><p>L&#8217;Universit\u00e0 di Tor Vergata a Roma ha dato la laurea honoris causa in Beni Culturali al comico Carlo Verdone. L&#8217;importante Palazzo Ducale di Genova \u00e8 stato affidato al comico televisivo Luca Bizzarri. Cosa aspettiamo a dare gli Uffizi a Mr Bean? La totale confusione in cui versa il settore dei Beni culturali si vede da queste spie che, solo unendole assieme, puoi vedere il paesaggio che illuminano. E il paesaggio \u00e8 un disorientamento completo. Verdone \u00e8 un talento del cinema, non si discute. Ma perch\u00e9 allora non diamo all&#8217;archeologo Andrea Carandini un Leone d&#8217;Oro alla carriera alla Mostra internazionale del [&hellip;]<\/p>\n&nbsp;&nbsp;<div class=\"readmore\"><a href=\"https:\/\/blog.ilgiornale.it\/nannipieri\/2017\/11\/25\/diamo-gli-uffizi-a-mr-bean\/\">Continua a leggere...<\/a><\/div><\/p>","protected":false},"author":1099,"featured_media":0,"comment_status":"open","ping_status":"closed","sticky":false,"template":"","format":"standard","meta":[],"categories":[9894,87,18095],"tags":[284639,59806,284339,262803,284163,101068,52239],"_links":{"self":[{"href":"https:\/\/blog.ilgiornale.it\/nannipieri\/wp-json\/wp\/v2\/posts\/228"}],"collection":[{"href":"https:\/\/blog.ilgiornale.it\/nannipieri\/wp-json\/wp\/v2\/posts"}],"about":[{"href":"https:\/\/blog.ilgiornale.it\/nannipieri\/wp-json\/wp\/v2\/types\/post"}],"author":[{"embeddable":true,"href":"https:\/\/blog.ilgiornale.it\/nannipieri\/wp-json\/wp\/v2\/users\/1099"}],"replies":[{"embeddable":true,"href":"https:\/\/blog.ilgiornale.it\/nannipieri\/wp-json\/wp\/v2\/comments?post=228"}],"version-history":[{"count":1,"href":"https:\/\/blog.ilgiornale.it\/nannipieri\/wp-json\/wp\/v2\/posts\/228\/revisions"}],"predecessor-version":[{"id":230,"href":"https:\/\/blog.ilgiornale.it\/nannipieri\/wp-json\/wp\/v2\/posts\/228\/revisions\/230"}],"wp:attachment":[{"href":"https:\/\/blog.ilgiornale.it\/nannipieri\/wp-json\/wp\/v2\/media?parent=228"}],"wp:term":[{"taxonomy":"category","embeddable":true,"href":"https:\/\/blog.ilgiornale.it\/nannipieri\/wp-json\/wp\/v2\/categories?post=228"},{"taxonomy":"post_tag","embeddable":true,"href":"https:\/\/blog.ilgiornale.it\/nannipieri\/wp-json\/wp\/v2\/tags?post=228"}],"curies":[{"name":"wp","href":"https:\/\/api.w.org\/{rel}","templated":true}]}}