{"id":245,"date":"2017-11-30T10:28:23","date_gmt":"2017-11-30T09:28:23","guid":{"rendered":"https:\/\/blog.ilgiornale.it\/nannipieri\/?p=245"},"modified":"2017-11-30T10:28:23","modified_gmt":"2017-11-30T09:28:23","slug":"il-veleno-di-mostar","status":"publish","type":"post","link":"https:\/\/blog.ilgiornale.it\/nannipieri\/2017\/11\/30\/il-veleno-di-mostar\/","title":{"rendered":"Il veleno di Mostar"},"content":{"rendered":"<p><a href=\"https:\/\/blog.ilgiornale.it\/nannipieri\/files\/2017\/11\/IMG_2417.jpg\"><img loading=\"lazy\" class=\"alignnone size-medium wp-image-246\" src=\"https:\/\/blog.ilgiornale.it\/nannipieri\/files\/2017\/11\/IMG_2417-300x200.jpg\" alt=\"IMG_2417\" width=\"300\" height=\"200\" srcset=\"https:\/\/blog.ilgiornale.it\/nannipieri\/files\/2017\/11\/IMG_2417-300x200.jpg 300w, https:\/\/blog.ilgiornale.it\/nannipieri\/files\/2017\/11\/IMG_2417-1024x683.jpg 1024w, https:\/\/blog.ilgiornale.it\/nannipieri\/files\/2017\/11\/IMG_2417.jpg 1300w\" sizes=\"(max-width: 300px) 100vw, 300px\" \/><\/a>Bevendo il veleno e suicidandosi, all&#8217;atto della sentenza di condanna per crimini di guerra nella ex Jugoslavia, il generale croato Slobodan Praljak ha mostrato che la guerra non finisce quando si seppelliscono i morti e si stende un trattato di pace. Anche se non ne parli pi\u00f9, anche se in Croazia ora vai al mare, tra barche, hotel e arrosti misti, la guerra rimane, ha tracciato troppi abissi di vendetta, odio, rancore, fallimenti, contrabbandi, processi, che nessuna pace cancella. Butti gi\u00f9 un ponte, un ponte simbolo, il ponte di Mostar, con la dinamite, durante la guerra, il 9 novembre 1993. E anche se con la pace lo ricostruisci e quel luogo ri-diventa uno dei luoghi pi\u00f9 belli dell&#8217;Europa che si avvicina all&#8217;Oriente, esso non \u00e8 pi\u00f9 lo stesso. La bellezza non copre la tragedia. Non la deve coprire. Non \u00e8 finzione, non \u00e8 maschera, non \u00e8 cerone. Anzi la bellezza esiste in quanto ravviva il tragico che \u00e8 in noi e nella Storia. E cos\u00ec, dopo Mostar, ti chiamano gli altri luoghi non del mare, degli hotel, degli arrosti misti, ma i luoghi dei cecchini, delle stragi, delle mutilazioni, dei bombardamenti, Sarajevo, Belgrado, Srebrenica, Vukovar, Dubrovnik, Gorazde. &#8220;Noi siamo semi nel vento \/ e il nostro destino \/ \u00e8 morire in un altro&#8221; &#8211; leggevo questa poesia di Stefano Maldini camminando in queste dure terre di vivi e di morti.<\/p>\n","protected":false},"excerpt":{"rendered":"<p><p>Bevendo il veleno e suicidandosi, all&#8217;atto della sentenza di condanna per crimini di guerra nella ex Jugoslavia, il generale croato Slobodan Praljak ha mostrato che la guerra non finisce quando si seppelliscono i morti e si stende un trattato di pace. Anche se non ne parli pi\u00f9, anche se in Croazia ora vai al mare, tra barche, hotel e arrosti misti, la guerra rimane, ha tracciato troppi abissi di vendetta, odio, rancore, fallimenti, contrabbandi, processi, che nessuna pace cancella. Butti gi\u00f9 un ponte, un ponte simbolo, il ponte di Mostar, con la dinamite, durante la guerra, il 9 novembre 1993. [&hellip;]<\/p>\n&nbsp;&nbsp;<div class=\"readmore\"><a href=\"https:\/\/blog.ilgiornale.it\/nannipieri\/2017\/11\/30\/il-veleno-di-mostar\/\">Continua a leggere...<\/a><\/div><\/p>","protected":false},"author":1099,"featured_media":0,"comment_status":"open","ping_status":"closed","sticky":false,"template":"","format":"standard","meta":[],"categories":[35932,5461],"tags":[26366,136847,534,286457,535,286643],"_links":{"self":[{"href":"https:\/\/blog.ilgiornale.it\/nannipieri\/wp-json\/wp\/v2\/posts\/245"}],"collection":[{"href":"https:\/\/blog.ilgiornale.it\/nannipieri\/wp-json\/wp\/v2\/posts"}],"about":[{"href":"https:\/\/blog.ilgiornale.it\/nannipieri\/wp-json\/wp\/v2\/types\/post"}],"author":[{"embeddable":true,"href":"https:\/\/blog.ilgiornale.it\/nannipieri\/wp-json\/wp\/v2\/users\/1099"}],"replies":[{"embeddable":true,"href":"https:\/\/blog.ilgiornale.it\/nannipieri\/wp-json\/wp\/v2\/comments?post=245"}],"version-history":[{"count":1,"href":"https:\/\/blog.ilgiornale.it\/nannipieri\/wp-json\/wp\/v2\/posts\/245\/revisions"}],"predecessor-version":[{"id":247,"href":"https:\/\/blog.ilgiornale.it\/nannipieri\/wp-json\/wp\/v2\/posts\/245\/revisions\/247"}],"wp:attachment":[{"href":"https:\/\/blog.ilgiornale.it\/nannipieri\/wp-json\/wp\/v2\/media?parent=245"}],"wp:term":[{"taxonomy":"category","embeddable":true,"href":"https:\/\/blog.ilgiornale.it\/nannipieri\/wp-json\/wp\/v2\/categories?post=245"},{"taxonomy":"post_tag","embeddable":true,"href":"https:\/\/blog.ilgiornale.it\/nannipieri\/wp-json\/wp\/v2\/tags?post=245"}],"curies":[{"name":"wp","href":"https:\/\/api.w.org\/{rel}","templated":true}]}}