{"id":323,"date":"2017-12-23T08:05:06","date_gmt":"2017-12-23T07:05:06","guid":{"rendered":"https:\/\/blog.ilgiornale.it\/nannipieri\/?p=323"},"modified":"2017-12-23T08:05:06","modified_gmt":"2017-12-23T07:05:06","slug":"diamo-le-biblioteche-ai-privati","status":"publish","type":"post","link":"https:\/\/blog.ilgiornale.it\/nannipieri\/2017\/12\/23\/diamo-le-biblioteche-ai-privati\/","title":{"rendered":"Diamo le biblioteche ai privati"},"content":{"rendered":"<p><a href=\"https:\/\/blog.ilgiornale.it\/nannipieri\/files\/2017\/12\/5.jpg\"><img loading=\"lazy\" class=\"alignnone size-medium wp-image-324\" src=\"https:\/\/blog.ilgiornale.it\/nannipieri\/files\/2017\/12\/5-300x228.jpg\" alt=\"5\" width=\"300\" height=\"228\" srcset=\"https:\/\/blog.ilgiornale.it\/nannipieri\/files\/2017\/12\/5-300x228.jpg 300w, https:\/\/blog.ilgiornale.it\/nannipieri\/files\/2017\/12\/5.jpg 1024w\" sizes=\"(max-width: 300px) 100vw, 300px\" \/><\/a>Non \u00e8 mai esistita la Biblioteca, se non nei racconti di Borges. Nella realt\u00e0 esistono luoghi sempre diversi, sempre in mutamento ed evoluzione, che accudiscono libri con uno scopo preciso: renderli disponibili gratuitamente ad una comunit\u00e0 di persone, come dice l\u2019etimo greco stesso della parola: <em>bibl\u00edon <\/em>(libro)<em> th\u00e9ke <\/em>(deposito, ripostiglio), il ripostiglio del libro. Ogni riflessione sulla gestione, sull\u2019uso e sul significato delle biblioteche, deve partire dalla consapevolezza che sar\u00e0 una riflessione a scadenza, come lo yogurt, perch\u00e9 i luoghi di lettura devono cambiar pelle come cambia pelle la societ\u00e0. Le biblioteche, sia quelle reali che virtuali, nel XXI secolo faranno, infatti, ci\u00f2 che hanno fatto nei secoli precedenti fino dall&#8217;origine della prima biblioteca storicizzata, ovvero continueranno a mettere a disposizione un certo deposito di libri per la consultazione. Tutto ci\u00f2 che c&#8217;\u00e8 attorno invece cambia o \u00e8 portato a cambiare. Ma proprio perch\u00e9 non sono mai state immobili nella storia, e mai lo saranno, le biblioteche hanno oggi necessit\u00e0 di essere gestite dalla struttura il pi\u00f9 possibile adatta alla metamorfosi delle funzioni, degli spazi e delle potenzialit\u00e0: e questa struttura \u00e8 solo la libera determinazione delle persone e dei corpi sociali (chiamiamoli pure &#8220;privati&#8221;) che vorranno e avranno interesse a gestire questi luoghi con le sperimentazioni, i progetti, le economie e le ricerche che da essi germineranno. Il pubblico, nei tempi nostri, \u00e8 pachidermico, elefantiaco, burocratico, procedurale. Il privato \u00e8 dinamico, agile, snello. Il futuro delle biblioteche, soprattutto quelle civiche, sar\u00e0 preservare l&#8217;interesse e l&#8217;uso pubblico, dando la gestione ai privati.<\/p>\n","protected":false},"excerpt":{"rendered":"<p><p>Non \u00e8 mai esistita la Biblioteca, se non nei racconti di Borges. Nella realt\u00e0 esistono luoghi sempre diversi, sempre in mutamento ed evoluzione, che accudiscono libri con uno scopo preciso: renderli disponibili gratuitamente ad una comunit\u00e0 di persone, come dice l\u2019etimo greco stesso della parola: bibl\u00edon (libro) th\u00e9ke (deposito, ripostiglio), il ripostiglio del libro. Ogni riflessione sulla gestione, sull\u2019uso e sul significato delle biblioteche, deve partire dalla consapevolezza che sar\u00e0 una riflessione a scadenza, come lo yogurt, perch\u00e9 i luoghi di lettura devono cambiar pelle come cambia pelle la societ\u00e0. Le biblioteche, sia quelle reali che virtuali, nel XXI secolo [&hellip;]<\/p>\n&nbsp;&nbsp;<div class=\"readmore\"><a href=\"https:\/\/blog.ilgiornale.it\/nannipieri\/2017\/12\/23\/diamo-le-biblioteche-ai-privati\/\">Continua a leggere...<\/a><\/div><\/p>","protected":false},"author":1099,"featured_media":0,"comment_status":"open","ping_status":"closed","sticky":false,"template":"","format":"standard","meta":[],"categories":[121429],"tags":[80449],"_links":{"self":[{"href":"https:\/\/blog.ilgiornale.it\/nannipieri\/wp-json\/wp\/v2\/posts\/323"}],"collection":[{"href":"https:\/\/blog.ilgiornale.it\/nannipieri\/wp-json\/wp\/v2\/posts"}],"about":[{"href":"https:\/\/blog.ilgiornale.it\/nannipieri\/wp-json\/wp\/v2\/types\/post"}],"author":[{"embeddable":true,"href":"https:\/\/blog.ilgiornale.it\/nannipieri\/wp-json\/wp\/v2\/users\/1099"}],"replies":[{"embeddable":true,"href":"https:\/\/blog.ilgiornale.it\/nannipieri\/wp-json\/wp\/v2\/comments?post=323"}],"version-history":[{"count":2,"href":"https:\/\/blog.ilgiornale.it\/nannipieri\/wp-json\/wp\/v2\/posts\/323\/revisions"}],"predecessor-version":[{"id":326,"href":"https:\/\/blog.ilgiornale.it\/nannipieri\/wp-json\/wp\/v2\/posts\/323\/revisions\/326"}],"wp:attachment":[{"href":"https:\/\/blog.ilgiornale.it\/nannipieri\/wp-json\/wp\/v2\/media?parent=323"}],"wp:term":[{"taxonomy":"category","embeddable":true,"href":"https:\/\/blog.ilgiornale.it\/nannipieri\/wp-json\/wp\/v2\/categories?post=323"},{"taxonomy":"post_tag","embeddable":true,"href":"https:\/\/blog.ilgiornale.it\/nannipieri\/wp-json\/wp\/v2\/tags?post=323"}],"curies":[{"name":"wp","href":"https:\/\/api.w.org\/{rel}","templated":true}]}}