{"id":327,"date":"2017-12-24T09:28:11","date_gmt":"2017-12-24T08:28:11","guid":{"rendered":"https:\/\/blog.ilgiornale.it\/nannipieri\/?p=327"},"modified":"2017-12-24T09:28:11","modified_gmt":"2017-12-24T08:28:11","slug":"larte-nel-silenzio-cristiano","status":"publish","type":"post","link":"https:\/\/blog.ilgiornale.it\/nannipieri\/2017\/12\/24\/larte-nel-silenzio-cristiano\/","title":{"rendered":"L&#8217;arte nel silenzio cristiano"},"content":{"rendered":"<p><a href=\"https:\/\/blog.ilgiornale.it\/nannipieri\/files\/2017\/12\/IMG_2979.jpg\"><img loading=\"lazy\" class=\"alignnone size-medium wp-image-328\" src=\"https:\/\/blog.ilgiornale.it\/nannipieri\/files\/2017\/12\/IMG_2979-225x300.jpg\" alt=\"IMG_2979\" width=\"225\" height=\"300\" srcset=\"https:\/\/blog.ilgiornale.it\/nannipieri\/files\/2017\/12\/IMG_2979-225x300.jpg 225w, https:\/\/blog.ilgiornale.it\/nannipieri\/files\/2017\/12\/IMG_2979.jpg 768w\" sizes=\"(max-width: 225px) 100vw, 225px\" \/><\/a>C&#8217;\u00e8 un Natale non scontato che potete fare: incontrare gli artisti del silenzio. Chi sono? Sono gli artisti che non trovate in showroom, gallerie o case d&#8217;asta. Li trovate nelle chiese. Hanno deciso di servire non il clamore, ma il silenzio; non l&#8217;effervescenza reclamizzata delle biennali, delle triennali, ma la solitudine appartata e custodita delle cappelle, dei monasteri, dei fonti battesimali, degli amboni, dei cibori, degli altari. L&#8217;arte cristiana \u00e8 finita solo nella mente di chi desidera vederla finita. Andate a Capezzana, vicino Prato, guardate la chiesa del XII secolo, affrescata magnificamente nell&#8217;abside; andate a Valdagno, vicino Vicenza, nella parrocchia di San Clemente Papa; andate nel monastero domenicano di San Vincenzo a Prato; oppure poco distante, a Iolo, a Villa Martelli, nella cappella dell&#8217;Eucarestia; oppure a Concesio, vicino Brescia, nella cappella di San Antonio Martire; oppure a Capo di Ponte, nella casa madre delle suore di Santa Dorotea di Cemmo. Cosa vi trovate? Vi trovate un artista del silenzio, Gabriella Furlani, che in questi anni ha realizzato pittoricamente, architettonicamente, scultoreamente, spazi preziosissimi d&#8217;arte cristiana, cos\u00ec adeguati che Papa Benedetto XVI sost\u00f2 a lungo, in preghiera, davanti al fonte battesimale della Furlani a Concesio. Si pu\u00f2 fare &#8211; anzi, si deve fare &#8211; arte legata alla liturgia di Ges\u00f9 Cristo senza replicare, pedissequamente, forme e alfabeti di secoli passati. Si pu\u00f2 &#8211; anzi si deve &#8211; essere moderni, contemporanei, anche nel confronto con il racconto cristiano. Finora il mercato sta lontano dall&#8217;arte cristiana, perch\u00e9 molti pensano che essa sia oramai soltanto macchietta, replica, fotocopia da supermercato di Michelangelo. In realt\u00e0 questi luoghi dimostrano, e noi come storici dell&#8217;arte dimostreremo, che non esiste storia dell&#8217;arte moderna che non tenga in considerazione l&#8217;arte cristiana che, nella modernit\u00e0, \u00e8 stata e viene a tutt&#8217;oggi prodotta.<\/p>\n","protected":false},"excerpt":{"rendered":"<p><p>C&#8217;\u00e8 un Natale non scontato che potete fare: incontrare gli artisti del silenzio. Chi sono? Sono gli artisti che non trovate in showroom, gallerie o case d&#8217;asta. Li trovate nelle chiese. Hanno deciso di servire non il clamore, ma il silenzio; non l&#8217;effervescenza reclamizzata delle biennali, delle triennali, ma la solitudine appartata e custodita delle cappelle, dei monasteri, dei fonti battesimali, degli amboni, dei cibori, degli altari. L&#8217;arte cristiana \u00e8 finita solo nella mente di chi desidera vederla finita. Andate a Capezzana, vicino Prato, guardate la chiesa del XII secolo, affrescata magnificamente nell&#8217;abside; andate a Valdagno, vicino Vicenza, nella parrocchia [&hellip;]<\/p>\n&nbsp;&nbsp;<div class=\"readmore\"><a href=\"https:\/\/blog.ilgiornale.it\/nannipieri\/2017\/12\/24\/larte-nel-silenzio-cristiano\/\">Continua a leggere...<\/a><\/div><\/p>","protected":false},"author":1099,"featured_media":0,"comment_status":"open","ping_status":"closed","sticky":false,"template":"","format":"standard","meta":[],"categories":[9894,13311],"tags":[605,607,604,17040,28945],"_links":{"self":[{"href":"https:\/\/blog.ilgiornale.it\/nannipieri\/wp-json\/wp\/v2\/posts\/327"}],"collection":[{"href":"https:\/\/blog.ilgiornale.it\/nannipieri\/wp-json\/wp\/v2\/posts"}],"about":[{"href":"https:\/\/blog.ilgiornale.it\/nannipieri\/wp-json\/wp\/v2\/types\/post"}],"author":[{"embeddable":true,"href":"https:\/\/blog.ilgiornale.it\/nannipieri\/wp-json\/wp\/v2\/users\/1099"}],"replies":[{"embeddable":true,"href":"https:\/\/blog.ilgiornale.it\/nannipieri\/wp-json\/wp\/v2\/comments?post=327"}],"version-history":[{"count":2,"href":"https:\/\/blog.ilgiornale.it\/nannipieri\/wp-json\/wp\/v2\/posts\/327\/revisions"}],"predecessor-version":[{"id":330,"href":"https:\/\/blog.ilgiornale.it\/nannipieri\/wp-json\/wp\/v2\/posts\/327\/revisions\/330"}],"wp:attachment":[{"href":"https:\/\/blog.ilgiornale.it\/nannipieri\/wp-json\/wp\/v2\/media?parent=327"}],"wp:term":[{"taxonomy":"category","embeddable":true,"href":"https:\/\/blog.ilgiornale.it\/nannipieri\/wp-json\/wp\/v2\/categories?post=327"},{"taxonomy":"post_tag","embeddable":true,"href":"https:\/\/blog.ilgiornale.it\/nannipieri\/wp-json\/wp\/v2\/tags?post=327"}],"curies":[{"name":"wp","href":"https:\/\/api.w.org\/{rel}","templated":true}]}}