{"id":331,"date":"2017-12-25T09:05:52","date_gmt":"2017-12-25T08:05:52","guid":{"rendered":"https:\/\/blog.ilgiornale.it\/nannipieri\/?p=331"},"modified":"2017-12-25T09:05:52","modified_gmt":"2017-12-25T08:05:52","slug":"natale-a-magdi-allam","status":"publish","type":"post","link":"https:\/\/blog.ilgiornale.it\/nannipieri\/2017\/12\/25\/natale-a-magdi-allam\/","title":{"rendered":"Natale a Magdi Allam"},"content":{"rendered":"<p><a href=\"https:\/\/blog.ilgiornale.it\/nannipieri\/files\/2017\/12\/magdi-allam.jpg.aspx_.jpg\"><img loading=\"lazy\" class=\"alignnone size-medium wp-image-332\" src=\"https:\/\/blog.ilgiornale.it\/nannipieri\/files\/2017\/12\/magdi-allam.jpg.aspx_-300x200.jpg\" alt=\"magdi-allam.jpg.aspx\" width=\"300\" height=\"200\" srcset=\"https:\/\/blog.ilgiornale.it\/nannipieri\/files\/2017\/12\/magdi-allam.jpg.aspx_-300x200.jpg 300w, https:\/\/blog.ilgiornale.it\/nannipieri\/files\/2017\/12\/magdi-allam.jpg.aspx_.jpg 880w\" sizes=\"(max-width: 300px) 100vw, 300px\" \/><\/a>Questo Natale lo dedico a Magdi Allam. Dal 2003 vive sotto scorta che, come lui scrive, &#8220;lo Stato mi ha affidato per tutelare la mia incolumit\u00e0 fisica dai terroristi islamici, che mi hanno condannato a morte e reiteratamente minacciato&#8221;. Qual \u00e8 la gravissima colpa di Magdi Allam? Ha violentato un bambino? Una stuprato una donna? Ha ucciso una persona? No. Magdi Allam ha iniziato a farsi chiamare Magdi Cristiano Allam, cio\u00e8 ha smesso di essere musulmano, per seguire liberamente &#8211; e perci\u00f2 convintamente &#8211; la parola di Ges\u00f9 Cristo. Per questa colpa infame, qualcuno lo vuole sottoterra. Morto ammazzato. Criticare Maometto e la sua religione \u00e8 motivo di morte. Nel 2009, quando smette di essere vicedirettore ad personam del <em>Corriere della Sera<\/em>, per diventare prima editorialista di <em>Libero<\/em>, poi de <em>Il Giornale<\/em>, &#8220;gli apparati investigativi avevano intercettato dei colloqui tra sedicenti imam algerini e marocchini, in cui si parlava di un attentato per assassinarmi. Ci\u00f2 ha indotto il comandante generale dell&#8217;Arma dei Carabinieri a irrobustire ulteriormente la mia scorta, portandola a nove uomini, con l&#8217;aggiunta di un automezzo veloce apripista che precede il convoglio di tre macchine blindate che mi accompagnano nei miei spostamenti&#8221;. Una scorta perch\u00e9 \u00e8 cristiano e perch\u00e9 dice liberamente ci\u00f2 che pensa di Maometto. Questo Natale lo dedico a Magdi Cristiano Allam, perch\u00e9 nessuno, nel nostro mondo civile, deve rischiare di essere ucciso per aver criticato Allah e aver abbracciato Ges\u00f9 Cristo.<\/p>\n","protected":false},"excerpt":{"rendered":"<p><p>Questo Natale lo dedico a Magdi Allam. Dal 2003 vive sotto scorta che, come lui scrive, &#8220;lo Stato mi ha affidato per tutelare la mia incolumit\u00e0 fisica dai terroristi islamici, che mi hanno condannato a morte e reiteratamente minacciato&#8221;. Qual \u00e8 la gravissima colpa di Magdi Allam? Ha violentato un bambino? Una stuprato una donna? Ha ucciso una persona? No. Magdi Allam ha iniziato a farsi chiamare Magdi Cristiano Allam, cio\u00e8 ha smesso di essere musulmano, per seguire liberamente &#8211; e perci\u00f2 convintamente &#8211; la parola di Ges\u00f9 Cristo. Per questa colpa infame, qualcuno lo vuole sottoterra. Morto ammazzato. Criticare [&hellip;]<\/p>\n&nbsp;&nbsp;<div class=\"readmore\"><a href=\"https:\/\/blog.ilgiornale.it\/nannipieri\/2017\/12\/25\/natale-a-magdi-allam\/\">Continua a leggere...<\/a><\/div><\/p>","protected":false},"author":1099,"featured_media":0,"comment_status":"open","ping_status":"closed","sticky":false,"template":"","format":"standard","meta":[],"categories":[99535,13311,5461],"tags":[48264,12,225730,51205,59532],"_links":{"self":[{"href":"https:\/\/blog.ilgiornale.it\/nannipieri\/wp-json\/wp\/v2\/posts\/331"}],"collection":[{"href":"https:\/\/blog.ilgiornale.it\/nannipieri\/wp-json\/wp\/v2\/posts"}],"about":[{"href":"https:\/\/blog.ilgiornale.it\/nannipieri\/wp-json\/wp\/v2\/types\/post"}],"author":[{"embeddable":true,"href":"https:\/\/blog.ilgiornale.it\/nannipieri\/wp-json\/wp\/v2\/users\/1099"}],"replies":[{"embeddable":true,"href":"https:\/\/blog.ilgiornale.it\/nannipieri\/wp-json\/wp\/v2\/comments?post=331"}],"version-history":[{"count":1,"href":"https:\/\/blog.ilgiornale.it\/nannipieri\/wp-json\/wp\/v2\/posts\/331\/revisions"}],"predecessor-version":[{"id":333,"href":"https:\/\/blog.ilgiornale.it\/nannipieri\/wp-json\/wp\/v2\/posts\/331\/revisions\/333"}],"wp:attachment":[{"href":"https:\/\/blog.ilgiornale.it\/nannipieri\/wp-json\/wp\/v2\/media?parent=331"}],"wp:term":[{"taxonomy":"category","embeddable":true,"href":"https:\/\/blog.ilgiornale.it\/nannipieri\/wp-json\/wp\/v2\/categories?post=331"},{"taxonomy":"post_tag","embeddable":true,"href":"https:\/\/blog.ilgiornale.it\/nannipieri\/wp-json\/wp\/v2\/tags?post=331"}],"curies":[{"name":"wp","href":"https:\/\/api.w.org\/{rel}","templated":true}]}}