{"id":348,"date":"2017-12-30T09:28:41","date_gmt":"2017-12-30T08:28:41","guid":{"rendered":"https:\/\/blog.ilgiornale.it\/nannipieri\/?p=348"},"modified":"2017-12-30T09:28:41","modified_gmt":"2017-12-30T08:28:41","slug":"tutti-i-santi-giorni","status":"publish","type":"post","link":"https:\/\/blog.ilgiornale.it\/nannipieri\/2017\/12\/30\/tutti-i-santi-giorni\/","title":{"rendered":"Tutti i santi giorni"},"content":{"rendered":"<p><a href=\"https:\/\/blog.ilgiornale.it\/nannipieri\/files\/2017\/12\/IMG_3080.jpg\"><img loading=\"lazy\" class=\"alignnone size-medium wp-image-349\" src=\"https:\/\/blog.ilgiornale.it\/nannipieri\/files\/2017\/12\/IMG_3080-300x200.jpg\" alt=\"IMG_3080\" width=\"300\" height=\"200\" srcset=\"https:\/\/blog.ilgiornale.it\/nannipieri\/files\/2017\/12\/IMG_3080-300x200.jpg 300w, https:\/\/blog.ilgiornale.it\/nannipieri\/files\/2017\/12\/IMG_3080.jpg 612w\" sizes=\"(max-width: 300px) 100vw, 300px\" \/><\/a>E siamo a 100. Tutti i santi giorni, da 100 giorni, un pezzo quotidiano, come quotidiano \u00e8 averli scritti di notte, dopo aver addormentato lei, la bambina di 8 anni, sotto il suon delle parole di Pollicino, e aver aspettato che anche l&#8217;altra lei, Patrizia, la mamma, si fosse assopita sulla mia spalla. L&#8217;oscurit\u00e0 \u00e8 la migliore placenta per scrivere. Tutti i demoni sorgono, le ossessioni, le patologie, le disinvolture, i combattimenti, tutto si mette a fuoco con una lucidit\u00e0 spietata che il giorno non consente: il giorno \u00e8 luce e la luce annebbia la verit\u00e0; la notte \u00e8 nera e il nero, con tutto il suo siderale, inumano silenzio, d\u00e0 nitore alla verit\u00e0. Se devi vedere meglio, vedi di notte. Il giorno &#8211; la luce &#8211; confonde. La notte esalta. Si tradisce di notte, si carezza di notte, si corrompe di notte, si maledice di notte, si trama di notte, si fa l&#8217;amore di notte, e i bambini hanno paura del buio della notte perch\u00e9 hanno paura di vedere, perch\u00e9 &#8220;quando guardi a lungo nell\u2019abisso, l\u2019abisso ti guarda dentro&#8221; (Friedrich Nietzsche). Sia benedetta l&#8217;oscurit\u00e0 del mio letto. 100 e ancora 100, e ancora altri 100 pezzi usciranno nel covo della mia appartata solitudine, dove tutto \u00e8 grande, lucido, splendente, tranne la luce improduttiva, banale, sconclusionata del giorno.<\/p>\n","protected":false},"excerpt":{"rendered":"<p><p>E siamo a 100. Tutti i santi giorni, da 100 giorni, un pezzo quotidiano, come quotidiano \u00e8 averli scritti di notte, dopo aver addormentato lei, la bambina di 8 anni, sotto il suon delle parole di Pollicino, e aver aspettato che anche l&#8217;altra lei, Patrizia, la mamma, si fosse assopita sulla mia spalla. L&#8217;oscurit\u00e0 \u00e8 la migliore placenta per scrivere. Tutti i demoni sorgono, le ossessioni, le patologie, le disinvolture, i combattimenti, tutto si mette a fuoco con una lucidit\u00e0 spietata che il giorno non consente: il giorno \u00e8 luce e la luce annebbia la verit\u00e0; la notte \u00e8 nera [&hellip;]<\/p>\n&nbsp;&nbsp;<div class=\"readmore\"><a href=\"https:\/\/blog.ilgiornale.it\/nannipieri\/2017\/12\/30\/tutti-i-santi-giorni\/\">Continua a leggere...<\/a><\/div><\/p>","protected":false},"author":1099,"featured_media":0,"comment_status":"open","ping_status":"closed","sticky":false,"template":"","format":"standard","meta":[],"categories":[87],"tags":[16092,618],"_links":{"self":[{"href":"https:\/\/blog.ilgiornale.it\/nannipieri\/wp-json\/wp\/v2\/posts\/348"}],"collection":[{"href":"https:\/\/blog.ilgiornale.it\/nannipieri\/wp-json\/wp\/v2\/posts"}],"about":[{"href":"https:\/\/blog.ilgiornale.it\/nannipieri\/wp-json\/wp\/v2\/types\/post"}],"author":[{"embeddable":true,"href":"https:\/\/blog.ilgiornale.it\/nannipieri\/wp-json\/wp\/v2\/users\/1099"}],"replies":[{"embeddable":true,"href":"https:\/\/blog.ilgiornale.it\/nannipieri\/wp-json\/wp\/v2\/comments?post=348"}],"version-history":[{"count":1,"href":"https:\/\/blog.ilgiornale.it\/nannipieri\/wp-json\/wp\/v2\/posts\/348\/revisions"}],"predecessor-version":[{"id":350,"href":"https:\/\/blog.ilgiornale.it\/nannipieri\/wp-json\/wp\/v2\/posts\/348\/revisions\/350"}],"wp:attachment":[{"href":"https:\/\/blog.ilgiornale.it\/nannipieri\/wp-json\/wp\/v2\/media?parent=348"}],"wp:term":[{"taxonomy":"category","embeddable":true,"href":"https:\/\/blog.ilgiornale.it\/nannipieri\/wp-json\/wp\/v2\/categories?post=348"},{"taxonomy":"post_tag","embeddable":true,"href":"https:\/\/blog.ilgiornale.it\/nannipieri\/wp-json\/wp\/v2\/tags?post=348"}],"curies":[{"name":"wp","href":"https:\/\/api.w.org\/{rel}","templated":true}]}}