{"id":426,"date":"2018-01-21T10:37:22","date_gmt":"2018-01-21T09:37:22","guid":{"rendered":"https:\/\/blog.ilgiornale.it\/nannipieri\/?p=426"},"modified":"2018-01-21T10:37:22","modified_gmt":"2018-01-21T09:37:22","slug":"lelettricita-e-potenza-delluomo","status":"publish","type":"post","link":"https:\/\/blog.ilgiornale.it\/nannipieri\/2018\/01\/21\/lelettricita-e-potenza-delluomo\/","title":{"rendered":"L&#8217;elettricit\u00e0 \u00e8 potenza dell&#8217;uomo"},"content":{"rendered":"<p><a href=\"https:\/\/blog.ilgiornale.it\/nannipieri\/files\/2018\/01\/IMG_3420.jpg\"><img loading=\"lazy\" class=\"alignnone size-medium wp-image-427\" src=\"https:\/\/blog.ilgiornale.it\/nannipieri\/files\/2018\/01\/IMG_3420-300x225.jpg\" alt=\"IMG_3420\" width=\"300\" height=\"225\" srcset=\"https:\/\/blog.ilgiornale.it\/nannipieri\/files\/2018\/01\/IMG_3420-300x225.jpg 300w, https:\/\/blog.ilgiornale.it\/nannipieri\/files\/2018\/01\/IMG_3420-1024x768.jpg 1024w, https:\/\/blog.ilgiornale.it\/nannipieri\/files\/2018\/01\/IMG_3420.jpg 2048w\" sizes=\"(max-width: 300px) 100vw, 300px\" \/><\/a>La luce elettrica \u00e8 potenza dell&#8217;uomo sui suoi limiti. Di notte non vede, ha il limite di non vedere, ma la sua actio mentis, la forza della mente, gli fa ogni volta superare i muri che trova. L&#8217;elettricit\u00e0 \u00e8 la sconfitta della notte, \u00e8 la sua sottomissione alla volont\u00e0 dominante dell&#8217;uomo. Per questo non capisco le citt\u00e0, i centri storici, che continuano ad avere una luce penitenziaria, claustrale. Non capisco perch\u00e9 i monumenti e i palazzi storici fatichino a farsi vedere, come se ne avessero paura (guardate Pisa!). Cammini per le strade, le vie, le piazze anche principali, davanti al palazzo comunale, e vedi una luce sfocata, ospedaliera, che accentua i difetti, le imperfezioni degli edifici, perch\u00e9 li fa lugubri. Nelle piazze monumentali la luce elettrica deve esaltare la visione, non mortificarla. Se si \u00e8 funebri, a tratti spettrali, in citt\u00e0, \u00e8 una sconfitta dell&#8217;uomo moderno sulla sua forza, sulle sue potenzialit\u00e0. La notte \u00e8 sonno per molti animali, \u00e8 sonno per l&#8217;uomo primitivo, per l&#8217;uomo fino all&#8217;Ottocento che va a candela. Per l&#8217;uomo moderno la notte deve essere vita, vita vittoriosa sull&#8217;inoperosit\u00e0 del buio, vita vittoriosa della luce elettrica sulla pigrizia del non vedere e del dormire.<\/p>\n","protected":false},"excerpt":{"rendered":"<p><p>La luce elettrica \u00e8 potenza dell&#8217;uomo sui suoi limiti. Di notte non vede, ha il limite di non vedere, ma la sua actio mentis, la forza della mente, gli fa ogni volta superare i muri che trova. L&#8217;elettricit\u00e0 \u00e8 la sconfitta della notte, \u00e8 la sua sottomissione alla volont\u00e0 dominante dell&#8217;uomo. Per questo non capisco le citt\u00e0, i centri storici, che continuano ad avere una luce penitenziaria, claustrale. Non capisco perch\u00e9 i monumenti e i palazzi storici fatichino a farsi vedere, come se ne avessero paura (guardate Pisa!). Cammini per le strade, le vie, le piazze anche principali, davanti al [&hellip;]<\/p>\n&nbsp;&nbsp;<div class=\"readmore\"><a href=\"https:\/\/blog.ilgiornale.it\/nannipieri\/2018\/01\/21\/lelettricita-e-potenza-delluomo\/\">Continua a leggere...<\/a><\/div><\/p>","protected":false},"author":1099,"featured_media":0,"comment_status":"open","ping_status":"closed","sticky":false,"template":"","format":"standard","meta":[],"categories":[87],"tags":[15691,682,44682,50913],"_links":{"self":[{"href":"https:\/\/blog.ilgiornale.it\/nannipieri\/wp-json\/wp\/v2\/posts\/426"}],"collection":[{"href":"https:\/\/blog.ilgiornale.it\/nannipieri\/wp-json\/wp\/v2\/posts"}],"about":[{"href":"https:\/\/blog.ilgiornale.it\/nannipieri\/wp-json\/wp\/v2\/types\/post"}],"author":[{"embeddable":true,"href":"https:\/\/blog.ilgiornale.it\/nannipieri\/wp-json\/wp\/v2\/users\/1099"}],"replies":[{"embeddable":true,"href":"https:\/\/blog.ilgiornale.it\/nannipieri\/wp-json\/wp\/v2\/comments?post=426"}],"version-history":[{"count":1,"href":"https:\/\/blog.ilgiornale.it\/nannipieri\/wp-json\/wp\/v2\/posts\/426\/revisions"}],"predecessor-version":[{"id":428,"href":"https:\/\/blog.ilgiornale.it\/nannipieri\/wp-json\/wp\/v2\/posts\/426\/revisions\/428"}],"wp:attachment":[{"href":"https:\/\/blog.ilgiornale.it\/nannipieri\/wp-json\/wp\/v2\/media?parent=426"}],"wp:term":[{"taxonomy":"category","embeddable":true,"href":"https:\/\/blog.ilgiornale.it\/nannipieri\/wp-json\/wp\/v2\/categories?post=426"},{"taxonomy":"post_tag","embeddable":true,"href":"https:\/\/blog.ilgiornale.it\/nannipieri\/wp-json\/wp\/v2\/tags?post=426"}],"curies":[{"name":"wp","href":"https:\/\/api.w.org\/{rel}","templated":true}]}}