{"id":461,"date":"2018-02-06T12:11:09","date_gmt":"2018-02-06T11:11:09","guid":{"rendered":"https:\/\/blog.ilgiornale.it\/nannipieri\/?p=461"},"modified":"2018-02-06T12:11:09","modified_gmt":"2018-02-06T11:11:09","slug":"rutelli-ovvero-linutilita-della-politica-sulla-cultura","status":"publish","type":"post","link":"https:\/\/blog.ilgiornale.it\/nannipieri\/2018\/02\/06\/rutelli-ovvero-linutilita-della-politica-sulla-cultura\/","title":{"rendered":"Rutelli, ovvero l&#8217;inutilit\u00e0 della politica sulla cultura"},"content":{"rendered":"<p><a href=\"https:\/\/blog.ilgiornale.it\/nannipieri\/files\/2018\/02\/IMG_3936.jpg\"><img loading=\"lazy\" class=\"alignnone size-medium wp-image-462\" src=\"https:\/\/blog.ilgiornale.it\/nannipieri\/files\/2018\/02\/IMG_3936-300x200.jpg\" alt=\"IMG_3936\" width=\"300\" height=\"200\" srcset=\"https:\/\/blog.ilgiornale.it\/nannipieri\/files\/2018\/02\/IMG_3936-300x200.jpg 300w, https:\/\/blog.ilgiornale.it\/nannipieri\/files\/2018\/02\/IMG_3936.jpg 674w\" sizes=\"(max-width: 300px) 100vw, 300px\" \/><\/a>Francesco Rutelli \u00e8 la prova lampante che, per la cultura e la ricerca, i politici nazionali sono inutili e molto pi\u00f9 utili sono le associazioni, i comitati, le fondazioni liberamente organizzate. Come Ministro dei Beni culturali (2006-2008) \u00e8 stato invisibile, non si ricorda una sola azione decisiva sul patrimonio storico artistico italiano, e il fatto di essere stato contemporaneamente Vicepresidente del Consiglio dei Ministri, e, anni prima, Ministro dell&#8217;ambiente, \u00e8 un imperdonabile aggravante della sua inconsistenza pragmatica sulla cultura. E invece da quando non \u00e8 pi\u00f9 nella sala dei bottoni, da quando da cittadino comune dirige l\u2019associazione italiana \u201cIncontro di Civilt\u00e0\u201d, \u00e8 molto pi\u00f9 efficace di quando era Ministro. Le prime iniziative dell&#8217;associazione rutelliana sembravano buone per i salotti delle ricche signore che bevono il th\u00e9 parlando di Churchill, e infatti si limitavano a riprodurre in polistirolo i muri di pietra dell&#8217;antico archivio di Ebla, ospitati nell\u2019Atrio del palazzo Justus Lipsius, sede del Consiglio Ue a Bruxelles, oppure a copiare il pi\u00f9 antico trattato di pace internazionale risalente al 2350 avanti Cristo. Insomma iniziative meritorie, ma finivano l\u00ec. Invece il recente accordo con il Governo iracheno per la ricostruzione di alcuni monumenti abbattuti o frantumati dall&#8217;Isis \u00e8 una preziosa iniziativa. Aver donato all&#8217;Iraq, con la collaborazione dell&#8217;archeologo Paolo Matthiae, la ricostruzione millimetrica in scala reale del Toro androcefalo, devastato dai selvaggi del Califfato, lavorare per la rinascita del sito archeologico di Dur Kurigalzu, residenza reale degli ultimi re cassiti, risollevare ci\u00f2 che resta del Palazzo imperiale di Nimrud, ricostruire gli Archivi reali di Ebla e il soffitto del tempio di Bel a Palmira, sono lavori e progetti pregevolissimi. Tutto questo per\u00f2 ci insegna &#8211; amaramente &#8211; una cosa: ad oggi una persona, se vuole lavorare incisivamente sulla cultura, non perda tempo con incarichi politici.<\/p>\n","protected":false},"excerpt":{"rendered":"<p><p>Francesco Rutelli \u00e8 la prova lampante che, per la cultura e la ricerca, i politici nazionali sono inutili e molto pi\u00f9 utili sono le associazioni, i comitati, le fondazioni liberamente organizzate. Come Ministro dei Beni culturali (2006-2008) \u00e8 stato invisibile, non si ricorda una sola azione decisiva sul patrimonio storico artistico italiano, e il fatto di essere stato contemporaneamente Vicepresidente del Consiglio dei Ministri, e, anni prima, Ministro dell&#8217;ambiente, \u00e8 un imperdonabile aggravante della sua inconsistenza pragmatica sulla cultura. E invece da quando non \u00e8 pi\u00f9 nella sala dei bottoni, da quando da cittadino comune dirige l\u2019associazione italiana \u201cIncontro di [&hellip;]<\/p>\n&nbsp;&nbsp;<div class=\"readmore\"><a href=\"https:\/\/blog.ilgiornale.it\/nannipieri\/2018\/02\/06\/rutelli-ovvero-linutilita-della-politica-sulla-cultura\/\">Continua a leggere...<\/a><\/div><\/p>","protected":false},"author":1099,"featured_media":0,"comment_status":"open","ping_status":"closed","sticky":false,"template":"","format":"standard","meta":[],"categories":[9894,87,44454,5461],"tags":[13001,720,47456,102470,718],"_links":{"self":[{"href":"https:\/\/blog.ilgiornale.it\/nannipieri\/wp-json\/wp\/v2\/posts\/461"}],"collection":[{"href":"https:\/\/blog.ilgiornale.it\/nannipieri\/wp-json\/wp\/v2\/posts"}],"about":[{"href":"https:\/\/blog.ilgiornale.it\/nannipieri\/wp-json\/wp\/v2\/types\/post"}],"author":[{"embeddable":true,"href":"https:\/\/blog.ilgiornale.it\/nannipieri\/wp-json\/wp\/v2\/users\/1099"}],"replies":[{"embeddable":true,"href":"https:\/\/blog.ilgiornale.it\/nannipieri\/wp-json\/wp\/v2\/comments?post=461"}],"version-history":[{"count":1,"href":"https:\/\/blog.ilgiornale.it\/nannipieri\/wp-json\/wp\/v2\/posts\/461\/revisions"}],"predecessor-version":[{"id":463,"href":"https:\/\/blog.ilgiornale.it\/nannipieri\/wp-json\/wp\/v2\/posts\/461\/revisions\/463"}],"wp:attachment":[{"href":"https:\/\/blog.ilgiornale.it\/nannipieri\/wp-json\/wp\/v2\/media?parent=461"}],"wp:term":[{"taxonomy":"category","embeddable":true,"href":"https:\/\/blog.ilgiornale.it\/nannipieri\/wp-json\/wp\/v2\/categories?post=461"},{"taxonomy":"post_tag","embeddable":true,"href":"https:\/\/blog.ilgiornale.it\/nannipieri\/wp-json\/wp\/v2\/tags?post=461"}],"curies":[{"name":"wp","href":"https:\/\/api.w.org\/{rel}","templated":true}]}}