{"id":477,"date":"2018-02-11T09:50:25","date_gmt":"2018-02-11T08:50:25","guid":{"rendered":"https:\/\/blog.ilgiornale.it\/nannipieri\/?p=477"},"modified":"2018-02-11T09:50:25","modified_gmt":"2018-02-11T08:50:25","slug":"i-morti-sono-puliti","status":"publish","type":"post","link":"https:\/\/blog.ilgiornale.it\/nannipieri\/2018\/02\/11\/i-morti-sono-puliti\/","title":{"rendered":"I morti sono puliti"},"content":{"rendered":"<p><a href=\"https:\/\/blog.ilgiornale.it\/nannipieri\/files\/2018\/02\/IMG_4010.jpg\"><img loading=\"lazy\" class=\"alignnone size-medium wp-image-478\" src=\"https:\/\/blog.ilgiornale.it\/nannipieri\/files\/2018\/02\/IMG_4010-300x225.jpg\" alt=\"IMG_4010\" width=\"300\" height=\"225\" srcset=\"https:\/\/blog.ilgiornale.it\/nannipieri\/files\/2018\/02\/IMG_4010-300x225.jpg 300w, https:\/\/blog.ilgiornale.it\/nannipieri\/files\/2018\/02\/IMG_4010-1024x768.jpg 1024w, https:\/\/blog.ilgiornale.it\/nannipieri\/files\/2018\/02\/IMG_4010.jpg 1984w\" sizes=\"(max-width: 300px) 100vw, 300px\" \/><\/a>Il decoro e la pulizia non possono disgiungersi dalla bellezza. Senza bellezza la pulizia \u00e8 una pulizia da ospedale. In sala operatoria, o all&#8217;obitorio, tutto \u00e8 pulito, ma \u00e8 un decoro anestetizzato, cloroformizzato, asfittico: appunto mortifero, catacombale. \u00c8 il decoro della morte, la pulizia della morte. Quando decoro e pulizia si uniscono alla bellezza, smettono di essere una condizione di igiene, e diventano una condizione dell&#8217;anima. Una cattedrale non ti colpisce per quanto \u00e8 pulita, ma per il desiderio di eterno che quelle navate, quelle arcate, quegli altari sanno testimoniare. La pulizia ne \u00e8 una conseguenza, una cura. Tanto \u00e8 vero che se uno piscia in un cespuglio, ci sorridi; se invece uno piscia sulla facciata della cattedrale, vorresti inseguirlo e picchiarlo. Perch\u00e9? Perch\u00e9 i morti sono puliti, le camere mortuarie sono pulite, ma l&#8217;uomo non ha bisogno della pulizia delle bare e degli obitori. L&#8217;uomo ha bisogno di bellezza.<\/p>\n","protected":false},"excerpt":{"rendered":"<p><p>Il decoro e la pulizia non possono disgiungersi dalla bellezza. Senza bellezza la pulizia \u00e8 una pulizia da ospedale. In sala operatoria, o all&#8217;obitorio, tutto \u00e8 pulito, ma \u00e8 un decoro anestetizzato, cloroformizzato, asfittico: appunto mortifero, catacombale. \u00c8 il decoro della morte, la pulizia della morte. Quando decoro e pulizia si uniscono alla bellezza, smettono di essere una condizione di igiene, e diventano una condizione dell&#8217;anima. Una cattedrale non ti colpisce per quanto \u00e8 pulita, ma per il desiderio di eterno che quelle navate, quelle arcate, quegli altari sanno testimoniare. La pulizia ne \u00e8 una conseguenza, una cura. Tanto \u00e8 [&hellip;]<\/p>\n&nbsp;&nbsp;<div class=\"readmore\"><a href=\"https:\/\/blog.ilgiornale.it\/nannipieri\/2018\/02\/11\/i-morti-sono-puliti\/\">Continua a leggere...<\/a><\/div><\/p>","protected":false},"author":1099,"featured_media":0,"comment_status":"open","ping_status":"closed","sticky":false,"template":"","format":"standard","meta":[],"categories":[9894],"tags":[],"_links":{"self":[{"href":"https:\/\/blog.ilgiornale.it\/nannipieri\/wp-json\/wp\/v2\/posts\/477"}],"collection":[{"href":"https:\/\/blog.ilgiornale.it\/nannipieri\/wp-json\/wp\/v2\/posts"}],"about":[{"href":"https:\/\/blog.ilgiornale.it\/nannipieri\/wp-json\/wp\/v2\/types\/post"}],"author":[{"embeddable":true,"href":"https:\/\/blog.ilgiornale.it\/nannipieri\/wp-json\/wp\/v2\/users\/1099"}],"replies":[{"embeddable":true,"href":"https:\/\/blog.ilgiornale.it\/nannipieri\/wp-json\/wp\/v2\/comments?post=477"}],"version-history":[{"count":2,"href":"https:\/\/blog.ilgiornale.it\/nannipieri\/wp-json\/wp\/v2\/posts\/477\/revisions"}],"predecessor-version":[{"id":480,"href":"https:\/\/blog.ilgiornale.it\/nannipieri\/wp-json\/wp\/v2\/posts\/477\/revisions\/480"}],"wp:attachment":[{"href":"https:\/\/blog.ilgiornale.it\/nannipieri\/wp-json\/wp\/v2\/media?parent=477"}],"wp:term":[{"taxonomy":"category","embeddable":true,"href":"https:\/\/blog.ilgiornale.it\/nannipieri\/wp-json\/wp\/v2\/categories?post=477"},{"taxonomy":"post_tag","embeddable":true,"href":"https:\/\/blog.ilgiornale.it\/nannipieri\/wp-json\/wp\/v2\/tags?post=477"}],"curies":[{"name":"wp","href":"https:\/\/api.w.org\/{rel}","templated":true}]}}