{"id":492,"date":"2018-02-17T11:52:00","date_gmt":"2018-02-17T10:52:00","guid":{"rendered":"https:\/\/blog.ilgiornale.it\/nannipieri\/?p=492"},"modified":"2018-02-17T11:52:00","modified_gmt":"2018-02-17T10:52:00","slug":"sgarbi-ministro-senno-io","status":"publish","type":"post","link":"https:\/\/blog.ilgiornale.it\/nannipieri\/2018\/02\/17\/sgarbi-ministro-senno-io\/","title":{"rendered":"Sgarbi ministro, senn\u00f2 io"},"content":{"rendered":"<p><a href=\"https:\/\/blog.ilgiornale.it\/nannipieri\/files\/2018\/02\/IMG_8192.jpg\"><img loading=\"lazy\" class=\"alignnone size-medium wp-image-493\" src=\"https:\/\/blog.ilgiornale.it\/nannipieri\/files\/2018\/02\/IMG_8192-300x235.jpg\" alt=\"IMG_8192\" width=\"300\" height=\"235\" srcset=\"https:\/\/blog.ilgiornale.it\/nannipieri\/files\/2018\/02\/IMG_8192-300x235.jpg 300w, https:\/\/blog.ilgiornale.it\/nannipieri\/files\/2018\/02\/IMG_8192-1024x804.jpg 1024w, https:\/\/blog.ilgiornale.it\/nannipieri\/files\/2018\/02\/IMG_8192.jpg 1380w\" sizes=\"(max-width: 300px) 100vw, 300px\" \/><\/a>Spero che Vittorio Sgarbi diventi il prossimo Ministro dei Beni Culturali, cos\u00ec avr\u00e0 la forza di dettare al Governo un&#8217;agenda sulla cultura. Se non ci riuscir\u00e0 Sgarbi, ci riuscir\u00f2 io, nei prossimi anni. Gli altri critici d&#8217;arte non sembrano interessati ad affondare le mani nella melma della politica per cercare di fare l&#8217;unica cosa utile all&#8217;Italia: mettere arte e bellezza, in maniera competente e credibile, al centro di un programma governativo. \u00c8 anche vero che sono amaramente ottimista: quanto pi\u00f9 si spegne l&#8217;Italia tanto pi\u00f9 saranno l&#8217;arte e la bellezza ad imporsi come l&#8217;unico volano della salvezza, perch\u00e9 verranno meno tutti gli altri. Quando l&#8217;Italia sar\u00e0 morta, tutti si accorgeranno su cosa puntare. \u00c8 un po&#8217; come nei giorni di una malattia terminale: le cose importanti, essenziali, diventano improvvisamente nitide, chiare, mentre le sciocchezze, che prima riempivano la giornata, perdono peso. Cos\u00ec accadr\u00e0 al nostro paese. Vorremmo evitare che morisse, perch\u00e9 questo significa socialmente persone che non hanno lavoro, disgrazie familiari e dolore. Sappiamo bene cosa vuol dire la crisi che fa tremare, che fa morire. Per questo confido sempre nella volont\u00e0 dell&#8217;Italia di non continuare a suicidarsi.<\/p>\n","protected":false},"excerpt":{"rendered":"<p><p>Spero che Vittorio Sgarbi diventi il prossimo Ministro dei Beni Culturali, cos\u00ec avr\u00e0 la forza di dettare al Governo un&#8217;agenda sulla cultura. Se non ci riuscir\u00e0 Sgarbi, ci riuscir\u00f2 io, nei prossimi anni. Gli altri critici d&#8217;arte non sembrano interessati ad affondare le mani nella melma della politica per cercare di fare l&#8217;unica cosa utile all&#8217;Italia: mettere arte e bellezza, in maniera competente e credibile, al centro di un programma governativo. \u00c8 anche vero che sono amaramente ottimista: quanto pi\u00f9 si spegne l&#8217;Italia tanto pi\u00f9 saranno l&#8217;arte e la bellezza ad imporsi come l&#8217;unico volano della salvezza, perch\u00e9 verranno meno [&hellip;]<\/p>\n&nbsp;&nbsp;<div class=\"readmore\"><a href=\"https:\/\/blog.ilgiornale.it\/nannipieri\/2018\/02\/17\/sgarbi-ministro-senno-io\/\">Continua a leggere...<\/a><\/div><\/p>","protected":false},"author":1099,"featured_media":0,"comment_status":"open","ping_status":"closed","sticky":false,"template":"","format":"standard","meta":[],"categories":[9894,38200],"tags":[319620,4333],"_links":{"self":[{"href":"https:\/\/blog.ilgiornale.it\/nannipieri\/wp-json\/wp\/v2\/posts\/492"}],"collection":[{"href":"https:\/\/blog.ilgiornale.it\/nannipieri\/wp-json\/wp\/v2\/posts"}],"about":[{"href":"https:\/\/blog.ilgiornale.it\/nannipieri\/wp-json\/wp\/v2\/types\/post"}],"author":[{"embeddable":true,"href":"https:\/\/blog.ilgiornale.it\/nannipieri\/wp-json\/wp\/v2\/users\/1099"}],"replies":[{"embeddable":true,"href":"https:\/\/blog.ilgiornale.it\/nannipieri\/wp-json\/wp\/v2\/comments?post=492"}],"version-history":[{"count":1,"href":"https:\/\/blog.ilgiornale.it\/nannipieri\/wp-json\/wp\/v2\/posts\/492\/revisions"}],"predecessor-version":[{"id":494,"href":"https:\/\/blog.ilgiornale.it\/nannipieri\/wp-json\/wp\/v2\/posts\/492\/revisions\/494"}],"wp:attachment":[{"href":"https:\/\/blog.ilgiornale.it\/nannipieri\/wp-json\/wp\/v2\/media?parent=492"}],"wp:term":[{"taxonomy":"category","embeddable":true,"href":"https:\/\/blog.ilgiornale.it\/nannipieri\/wp-json\/wp\/v2\/categories?post=492"},{"taxonomy":"post_tag","embeddable":true,"href":"https:\/\/blog.ilgiornale.it\/nannipieri\/wp-json\/wp\/v2\/tags?post=492"}],"curies":[{"name":"wp","href":"https:\/\/api.w.org\/{rel}","templated":true}]}}