{"id":509,"date":"2018-04-03T07:52:08","date_gmt":"2018-04-03T05:52:08","guid":{"rendered":"https:\/\/blog.ilgiornale.it\/nannipieri\/?p=509"},"modified":"2018-04-03T07:52:08","modified_gmt":"2018-04-03T05:52:08","slug":"monumentum","status":"publish","type":"post","link":"https:\/\/blog.ilgiornale.it\/nannipieri\/2018\/04\/03\/monumentum\/","title":{"rendered":"Monumentum"},"content":{"rendered":"<p><a href=\"https:\/\/blog.ilgiornale.it\/nannipieri\/files\/2018\/04\/IMG_5679.jpg\"><img loading=\"lazy\" class=\"alignnone size-medium wp-image-510\" src=\"https:\/\/blog.ilgiornale.it\/nannipieri\/files\/2018\/04\/IMG_5679-300x177.jpg\" alt=\"IMG_5679\" width=\"300\" height=\"177\" srcset=\"https:\/\/blog.ilgiornale.it\/nannipieri\/files\/2018\/04\/IMG_5679-300x177.jpg 300w, https:\/\/blog.ilgiornale.it\/nannipieri\/files\/2018\/04\/IMG_5679.jpg 950w\" sizes=\"(max-width: 300px) 100vw, 300px\" \/><\/a>Se cancelliamo il campo di concentramento di Auschwitz, la memoria di Auschwitz scompare? Oppure, se manteniamo integro il campo di concentramento di Auschwitz, la memoria di Auschwitz \u00e8 garantita? La memoria ha bisogno di oggetti e luoghi tangibili per continuare a ricordarsi, oppure pu\u00f2 sopravvivere anche nella pi\u00f9 completa cancellazione della realt\u00e0 tangibile? \u00c8 il mistero del monumento, necessario e sommamente inutile al tempo stesso. Monumentum: questa parola &#8216;abisso&#8217; che, da sempre, sacralizza una memoria, ma al contempo non la assicura; innalza il nome di un imperatore, di un filosofo, di una battaglia, di militi caduti, di una strage, ma contemporaneamente li lascia senza garanzie di effettiva e perdurante memoria nei tempi successivi a quello in cui viene prodotto ed eretto il manufatto, grandioso o modesto che sia. La tomba di Cicerone a Formia marmorizza in forma simbolica il tributo dei coevi verso il grande filosofo, ma non assicura alcuna durevolezza al suo nome. \u00c8 questo l&#8217;enigma profondo dei monumenti: sembrano granitici nella loro secolare durata, ma essi in fondo testimoniano soltanto la durata delle loro pietre, dei loro marmi, non del loro significato. Durano pi\u00f9 di noi, sono immortali pi\u00f9 di noi, ma non sono fermi nei significati che noi gli diamo. Elevano una storia, senza certificare la sua permanenza. Etimologicamente monumentum significa l&#8217;atto del ricordare, ma ci\u00f2 che viene ricordato e il come viene ricordato non sono assicurati da niente. Neanche dalla stessa persistenza del monumento.<\/p>\n","protected":false},"excerpt":{"rendered":"<p><p>Se cancelliamo il campo di concentramento di Auschwitz, la memoria di Auschwitz scompare? Oppure, se manteniamo integro il campo di concentramento di Auschwitz, la memoria di Auschwitz \u00e8 garantita? La memoria ha bisogno di oggetti e luoghi tangibili per continuare a ricordarsi, oppure pu\u00f2 sopravvivere anche nella pi\u00f9 completa cancellazione della realt\u00e0 tangibile? \u00c8 il mistero del monumento, necessario e sommamente inutile al tempo stesso. Monumentum: questa parola &#8216;abisso&#8217; che, da sempre, sacralizza una memoria, ma al contempo non la assicura; innalza il nome di un imperatore, di un filosofo, di una battaglia, di militi caduti, di una strage, ma [&hellip;]<\/p>\n&nbsp;&nbsp;<div class=\"readmore\"><a href=\"https:\/\/blog.ilgiornale.it\/nannipieri\/2018\/04\/03\/monumentum\/\">Continua a leggere...<\/a><\/div><\/p>","protected":false},"author":1099,"featured_media":0,"comment_status":"open","ping_status":"closed","sticky":false,"template":"","format":"standard","meta":[],"categories":[9894,87,17923],"tags":[301249,300979,300854],"_links":{"self":[{"href":"https:\/\/blog.ilgiornale.it\/nannipieri\/wp-json\/wp\/v2\/posts\/509"}],"collection":[{"href":"https:\/\/blog.ilgiornale.it\/nannipieri\/wp-json\/wp\/v2\/posts"}],"about":[{"href":"https:\/\/blog.ilgiornale.it\/nannipieri\/wp-json\/wp\/v2\/types\/post"}],"author":[{"embeddable":true,"href":"https:\/\/blog.ilgiornale.it\/nannipieri\/wp-json\/wp\/v2\/users\/1099"}],"replies":[{"embeddable":true,"href":"https:\/\/blog.ilgiornale.it\/nannipieri\/wp-json\/wp\/v2\/comments?post=509"}],"version-history":[{"count":1,"href":"https:\/\/blog.ilgiornale.it\/nannipieri\/wp-json\/wp\/v2\/posts\/509\/revisions"}],"predecessor-version":[{"id":511,"href":"https:\/\/blog.ilgiornale.it\/nannipieri\/wp-json\/wp\/v2\/posts\/509\/revisions\/511"}],"wp:attachment":[{"href":"https:\/\/blog.ilgiornale.it\/nannipieri\/wp-json\/wp\/v2\/media?parent=509"}],"wp:term":[{"taxonomy":"category","embeddable":true,"href":"https:\/\/blog.ilgiornale.it\/nannipieri\/wp-json\/wp\/v2\/categories?post=509"},{"taxonomy":"post_tag","embeddable":true,"href":"https:\/\/blog.ilgiornale.it\/nannipieri\/wp-json\/wp\/v2\/tags?post=509"}],"curies":[{"name":"wp","href":"https:\/\/api.w.org\/{rel}","templated":true}]}}