{"id":535,"date":"2018-04-14T08:48:00","date_gmt":"2018-04-14T06:48:00","guid":{"rendered":"https:\/\/blog.ilgiornale.it\/nannipieri\/?p=535"},"modified":"2018-04-14T08:48:00","modified_gmt":"2018-04-14T06:48:00","slug":"miopia-assoluta-verso-un-genio","status":"publish","type":"post","link":"https:\/\/blog.ilgiornale.it\/nannipieri\/2018\/04\/14\/miopia-assoluta-verso-un-genio\/","title":{"rendered":"Miopia assoluta verso un genio"},"content":{"rendered":"<p><a href=\"https:\/\/blog.ilgiornale.it\/nannipieri\/files\/2018\/04\/IMG_6463.jpg\"><img loading=\"lazy\" class=\"alignnone size-medium wp-image-536\" src=\"https:\/\/blog.ilgiornale.it\/nannipieri\/files\/2018\/04\/IMG_6463-176x300.jpg\" alt=\"IMG_6463\" width=\"176\" height=\"300\" srcset=\"https:\/\/blog.ilgiornale.it\/nannipieri\/files\/2018\/04\/IMG_6463-176x300.jpg 176w, https:\/\/blog.ilgiornale.it\/nannipieri\/files\/2018\/04\/IMG_6463.jpg 409w\" sizes=\"(max-width: 176px) 100vw, 176px\" \/><\/a>Le grandi citt\u00e0 d&#8217;arte hanno miopie e sordit\u00e0 sull&#8217;arte che i piccolissimi comuni non hanno. Non perch\u00e9 i piccolissimi comuni siano pi\u00f9 lungimiranti, ma perch\u00e9, avendo meno, sono portati a valorizzarlo meglio. Se Vinicio Berti, genio pittorico incontrastato del secondo Novecento italiano, fosse vissuto tutta la vita non a Firenze, ma chess\u00f2 a Montelupo Fiorentino, a Pratolino o a Pontassieve, avrebbe gi\u00e0 da anni il museo che espone in sede permanente e storicizzata le sue opere, cos\u00ec come Viareggio ha giustamente il museo dedicato a Lorenzo Viani, Santa Sofia ha musealizzato Mattia Moreni, Citt\u00e0 di Castello ha incoronato Alberto Burri, Pescia ha la Gipsoteca dedicata a Libero Andreotti, Monte Vidon Corrado ha la casa museo di Osvaldo Licini. Firenze sorda e miope, come una vecchia senza pi\u00f9 voglie, si pu\u00f2 permettere il lusso di tenere 600 opere di Berti negli scantinati e ogni tanto fare una mostra di tre mesi che non serve a nulla, se non a lavarsi la coscienza. Se Vinicio Berti fosse vissuto a Pontassieve o a Empoli, il Comune, possessore di un&#8217;enormit\u00e0 di materiale, avrebbe gi\u00e0 chiamato i pi\u00f9 corposi collezionisti di Berti, come Carlo Frittelli, avrebbe concordato per i grandi capolavori e avrebbe realizzato il museo in suo onore, consacrando definitivamente la sua figura come solo un museo, nella societ\u00e0 di oggi, pu\u00f2 fare. Ma il genio \u00e8 vissuto, maledettamente o fortunatamente, nella smemorata Firenze e dunque le opere rimangono chiuse, a prender polvere, nei garage e nei sottoscala preclusi a tutti.<\/p>\n","protected":false},"excerpt":{"rendered":"<p><p>Le grandi citt\u00e0 d&#8217;arte hanno miopie e sordit\u00e0 sull&#8217;arte che i piccolissimi comuni non hanno. Non perch\u00e9 i piccolissimi comuni siano pi\u00f9 lungimiranti, ma perch\u00e9, avendo meno, sono portati a valorizzarlo meglio. Se Vinicio Berti, genio pittorico incontrastato del secondo Novecento italiano, fosse vissuto tutta la vita non a Firenze, ma chess\u00f2 a Montelupo Fiorentino, a Pratolino o a Pontassieve, avrebbe gi\u00e0 da anni il museo che espone in sede permanente e storicizzata le sue opere, cos\u00ec come Viareggio ha giustamente il museo dedicato a Lorenzo Viani, Santa Sofia ha musealizzato Mattia Moreni, Citt\u00e0 di Castello ha incoronato Alberto Burri, [&hellip;]<\/p>\n&nbsp;&nbsp;<div class=\"readmore\"><a href=\"https:\/\/blog.ilgiornale.it\/nannipieri\/2018\/04\/14\/miopia-assoluta-verso-un-genio\/\">Continua a leggere...<\/a><\/div><\/p>","protected":false},"author":1099,"featured_media":0,"comment_status":"open","ping_status":"closed","sticky":false,"template":"","format":"standard","meta":[],"categories":[9894],"tags":[53907,306120,305780,633,302766,51601,271471],"_links":{"self":[{"href":"https:\/\/blog.ilgiornale.it\/nannipieri\/wp-json\/wp\/v2\/posts\/535"}],"collection":[{"href":"https:\/\/blog.ilgiornale.it\/nannipieri\/wp-json\/wp\/v2\/posts"}],"about":[{"href":"https:\/\/blog.ilgiornale.it\/nannipieri\/wp-json\/wp\/v2\/types\/post"}],"author":[{"embeddable":true,"href":"https:\/\/blog.ilgiornale.it\/nannipieri\/wp-json\/wp\/v2\/users\/1099"}],"replies":[{"embeddable":true,"href":"https:\/\/blog.ilgiornale.it\/nannipieri\/wp-json\/wp\/v2\/comments?post=535"}],"version-history":[{"count":1,"href":"https:\/\/blog.ilgiornale.it\/nannipieri\/wp-json\/wp\/v2\/posts\/535\/revisions"}],"predecessor-version":[{"id":537,"href":"https:\/\/blog.ilgiornale.it\/nannipieri\/wp-json\/wp\/v2\/posts\/535\/revisions\/537"}],"wp:attachment":[{"href":"https:\/\/blog.ilgiornale.it\/nannipieri\/wp-json\/wp\/v2\/media?parent=535"}],"wp:term":[{"taxonomy":"category","embeddable":true,"href":"https:\/\/blog.ilgiornale.it\/nannipieri\/wp-json\/wp\/v2\/categories?post=535"},{"taxonomy":"post_tag","embeddable":true,"href":"https:\/\/blog.ilgiornale.it\/nannipieri\/wp-json\/wp\/v2\/tags?post=535"}],"curies":[{"name":"wp","href":"https:\/\/api.w.org\/{rel}","templated":true}]}}