{"id":605,"date":"2018-05-19T08:16:41","date_gmt":"2018-05-19T06:16:41","guid":{"rendered":"https:\/\/blog.ilgiornale.it\/nannipieri\/?p=605"},"modified":"2018-05-19T08:16:41","modified_gmt":"2018-05-19T06:16:41","slug":"salvini-di-maio-macche-leggete-platone","status":"publish","type":"post","link":"https:\/\/blog.ilgiornale.it\/nannipieri\/2018\/05\/19\/salvini-di-maio-macche-leggete-platone\/","title":{"rendered":"Salvini-Di Maio? Macch\u00e9, leggete Platone"},"content":{"rendered":"<p><a href=\"https:\/\/blog.ilgiornale.it\/nannipieri\/files\/2018\/05\/91836C75-97D7-481A-A815-D969C9AD0334.jpeg\"><img loading=\"lazy\" class=\"alignnone size-medium wp-image-606\" src=\"https:\/\/blog.ilgiornale.it\/nannipieri\/files\/2018\/05\/91836C75-97D7-481A-A815-D969C9AD0334-300x216.jpeg\" alt=\"91836C75-97D7-481A-A815-D969C9AD0334\" width=\"300\" height=\"216\" srcset=\"https:\/\/blog.ilgiornale.it\/nannipieri\/files\/2018\/05\/91836C75-97D7-481A-A815-D969C9AD0334-300x216.jpeg 300w, https:\/\/blog.ilgiornale.it\/nannipieri\/files\/2018\/05\/91836C75-97D7-481A-A815-D969C9AD0334.jpeg 800w\" sizes=\"(max-width: 300px) 100vw, 300px\" \/><\/a>Io non ho tempo di leggere tutto Platone e c\u2019\u00e8 chi ha tempo di leggere le varie versioni giornaliere del contratto di governo, ora definitivo, tra Salvini e Di Maio. Lo spulcionano, rispulciano, vivisezionano, comparano, smantellano, rimantellano le parole dei due capipartito, ed io mi chiedo se non si sentano in colpa (tremenda, interiorissima colpa) a rileggere per l\u2019ennesima volta queste parole al vento, queste lettere morte, queste omelie e prediche (come lo sono i programmi di tutti i partiti), mentre non hanno mai sfogliato la Gorgia di Platone. Ascoltano, riascoltano le micro-dichiarazioni dei leader e non sanno come inizia l\u2019Alcibiade minore, il Teagete, il Menesseno, che mi sono ignoti e per questo mi sento in tremendissima colpa. Non sfogliano una sola sputata pagina di Protagora, di Filebo, non hanno mai sentito parlare di Critone, di Epinomide, non saprebbero dove trovare il Timeo, o il Clitofonte, o il Lachete, eppure pare si sentano in pace con se stessi. Cos\u00ec, mentre si ritrovano in televisione (loro s\u00ec, io no) ad interpretare le lettere morte, le frasi aleatorie, le omelie e le prediche di quei due (o di altri due a breve), io mi chiedo se, con profetica preveggenza di due millenni e mezzo, non pensasse proprio a noi Platone quando scriveva nel Critone: \u201cNon \u00e8 il vivere da tenere in massimo conto, ma il vivere bene. E il vivere bene \u00e8 lo stesso che il vivere con virt\u00f9 e con giustizia\u201d. Ma forse \u00e8 solo un pensiero a loro del tutto indifferente, come indifferente gli \u00e8 Platone, non a me, che mi chiama ogni sera a darmi conto di ci\u00f2 che non ho letto, di ci\u00f2 che potevo apprendere e non ho appreso.<\/p>\n","protected":false},"excerpt":{"rendered":"<p><p>Io non ho tempo di leggere tutto Platone e c\u2019\u00e8 chi ha tempo di leggere le varie versioni giornaliere del contratto di governo, ora definitivo, tra Salvini e Di Maio. Lo spulcionano, rispulciano, vivisezionano, comparano, smantellano, rimantellano le parole dei due capipartito, ed io mi chiedo se non si sentano in colpa (tremenda, interiorissima colpa) a rileggere per l\u2019ennesima volta queste parole al vento, queste lettere morte, queste omelie e prediche (come lo sono i programmi di tutti i partiti), mentre non hanno mai sfogliato la Gorgia di Platone. Ascoltano, riascoltano le micro-dichiarazioni dei leader e non sanno come inizia [&hellip;]<\/p>\n&nbsp;&nbsp;<div class=\"readmore\"><a href=\"https:\/\/blog.ilgiornale.it\/nannipieri\/2018\/05\/19\/salvini-di-maio-macche-leggete-platone\/\">Continua a leggere...<\/a><\/div><\/p>","protected":false},"author":1099,"featured_media":0,"comment_status":"open","ping_status":"closed","sticky":false,"template":"","format":"standard","meta":[],"categories":[87],"tags":[319586,319588,78232,7616,319589,40865],"_links":{"self":[{"href":"https:\/\/blog.ilgiornale.it\/nannipieri\/wp-json\/wp\/v2\/posts\/605"}],"collection":[{"href":"https:\/\/blog.ilgiornale.it\/nannipieri\/wp-json\/wp\/v2\/posts"}],"about":[{"href":"https:\/\/blog.ilgiornale.it\/nannipieri\/wp-json\/wp\/v2\/types\/post"}],"author":[{"embeddable":true,"href":"https:\/\/blog.ilgiornale.it\/nannipieri\/wp-json\/wp\/v2\/users\/1099"}],"replies":[{"embeddable":true,"href":"https:\/\/blog.ilgiornale.it\/nannipieri\/wp-json\/wp\/v2\/comments?post=605"}],"version-history":[{"count":1,"href":"https:\/\/blog.ilgiornale.it\/nannipieri\/wp-json\/wp\/v2\/posts\/605\/revisions"}],"predecessor-version":[{"id":607,"href":"https:\/\/blog.ilgiornale.it\/nannipieri\/wp-json\/wp\/v2\/posts\/605\/revisions\/607"}],"wp:attachment":[{"href":"https:\/\/blog.ilgiornale.it\/nannipieri\/wp-json\/wp\/v2\/media?parent=605"}],"wp:term":[{"taxonomy":"category","embeddable":true,"href":"https:\/\/blog.ilgiornale.it\/nannipieri\/wp-json\/wp\/v2\/categories?post=605"},{"taxonomy":"post_tag","embeddable":true,"href":"https:\/\/blog.ilgiornale.it\/nannipieri\/wp-json\/wp\/v2\/tags?post=605"}],"curies":[{"name":"wp","href":"https:\/\/api.w.org\/{rel}","templated":true}]}}