{"id":608,"date":"2018-05-20T10:55:53","date_gmt":"2018-05-20T08:55:53","guid":{"rendered":"https:\/\/blog.ilgiornale.it\/nannipieri\/?p=608"},"modified":"2018-05-20T10:55:53","modified_gmt":"2018-05-20T08:55:53","slug":"virilita-allo-specchio","status":"publish","type":"post","link":"https:\/\/blog.ilgiornale.it\/nannipieri\/2018\/05\/20\/virilita-allo-specchio\/","title":{"rendered":"Virilit\u00e0 allo specchio"},"content":{"rendered":"<p><a href=\"https:\/\/blog.ilgiornale.it\/nannipieri\/files\/2018\/05\/5EBA709A-51EC-4BA4-8A1A-B04F1FA68C2D.jpeg\"><img loading=\"lazy\" class=\"alignnone size-medium wp-image-610\" src=\"https:\/\/blog.ilgiornale.it\/nannipieri\/files\/2018\/05\/5EBA709A-51EC-4BA4-8A1A-B04F1FA68C2D-300x216.jpeg\" alt=\"5EBA709A-51EC-4BA4-8A1A-B04F1FA68C2D\" width=\"300\" height=\"216\" srcset=\"https:\/\/blog.ilgiornale.it\/nannipieri\/files\/2018\/05\/5EBA709A-51EC-4BA4-8A1A-B04F1FA68C2D-300x216.jpeg 300w, https:\/\/blog.ilgiornale.it\/nannipieri\/files\/2018\/05\/5EBA709A-51EC-4BA4-8A1A-B04F1FA68C2D.jpeg 800w\" sizes=\"(max-width: 300px) 100vw, 300px\" \/><\/a>Artisti, Facebook \u00e8 lo specchio della vostra patologia fallica. Apro i vostri profili e ci sono solo le vostre opere, i vostri dipinti, le vostre sculture, i vostri premi, le vostre mostre. Sempre e solo voi. Incessantemente voi. Il mondo non esiste. Esistete solo voi. Come una continua esaltazione del proprio sesso eretto, perennemente esaltato e lodato nella sua ancestrale prestanza. Inizia la guerra in Siria, e voi mostrate il vostro fallo. Autobombe dilaniano l\u2019Egitto, e voi esibite quanto la natura vi ha donato tra le vostre mani e le vostre gambe. Crollano le domus a Pompei e voi celebrate la vostra virile possanza. Distruggono il sito archeologico di Palmira e voi vi fotografate che ce l\u2019avete in tiro. Saccheggiano le rovine romane in Libia e voi ve lo guardate a dovere. Entrano e uccidono i redattori di Charlie Hebdo e voi idolatrate il vostro celodurismo. In fondo il celodurismo esaltato \u00e8 prova certa di inconfessata paura. Diceva quel fuoco vivo che fu Don Giussani: \u201cIl nostro nemico \u00e8 la paura, inevitabile in ciascuno di noi. Perch\u00e9? Perch\u00e9 ognuno di noi viene dal nulla. La paura \u00e8 il fiato del nulla da cui veniamo, che si traduce nell\u2019esaltazione delle piccolezze, delle meschinit\u00e0: la meschinit\u00e0 dell\u2019abbraccio, la meschinit\u00e0 del possesso, la meschinit\u00e0 dell\u2019appropriazione, la meschinit\u00e0 dell\u2019ira, la meschinit\u00e0 della pigrizia\u201d. Artisti, siate dunque all\u2019altezza del talento che avete: la paura, inevitabile in ciascuno di noi, non diventi meschinit\u00e0, ma visione e lotta. Lotta e visione.<\/p>\n","protected":false},"excerpt":{"rendered":"<p><p>Artisti, Facebook \u00e8 lo specchio della vostra patologia fallica. Apro i vostri profili e ci sono solo le vostre opere, i vostri dipinti, le vostre sculture, i vostri premi, le vostre mostre. Sempre e solo voi. Incessantemente voi. Il mondo non esiste. Esistete solo voi. Come una continua esaltazione del proprio sesso eretto, perennemente esaltato e lodato nella sua ancestrale prestanza. Inizia la guerra in Siria, e voi mostrate il vostro fallo. Autobombe dilaniano l\u2019Egitto, e voi esibite quanto la natura vi ha donato tra le vostre mani e le vostre gambe. Crollano le domus a Pompei e voi celebrate [&hellip;]<\/p>\n&nbsp;&nbsp;<div class=\"readmore\"><a href=\"https:\/\/blog.ilgiornale.it\/nannipieri\/2018\/05\/20\/virilita-allo-specchio\/\">Continua a leggere...<\/a><\/div><\/p>","protected":false},"author":1099,"featured_media":0,"comment_status":"open","ping_status":"closed","sticky":false,"template":"","format":"standard","meta":[],"categories":[9894,13311],"tags":[58385,319591,49398],"_links":{"self":[{"href":"https:\/\/blog.ilgiornale.it\/nannipieri\/wp-json\/wp\/v2\/posts\/608"}],"collection":[{"href":"https:\/\/blog.ilgiornale.it\/nannipieri\/wp-json\/wp\/v2\/posts"}],"about":[{"href":"https:\/\/blog.ilgiornale.it\/nannipieri\/wp-json\/wp\/v2\/types\/post"}],"author":[{"embeddable":true,"href":"https:\/\/blog.ilgiornale.it\/nannipieri\/wp-json\/wp\/v2\/users\/1099"}],"replies":[{"embeddable":true,"href":"https:\/\/blog.ilgiornale.it\/nannipieri\/wp-json\/wp\/v2\/comments?post=608"}],"version-history":[{"count":1,"href":"https:\/\/blog.ilgiornale.it\/nannipieri\/wp-json\/wp\/v2\/posts\/608\/revisions"}],"predecessor-version":[{"id":611,"href":"https:\/\/blog.ilgiornale.it\/nannipieri\/wp-json\/wp\/v2\/posts\/608\/revisions\/611"}],"wp:attachment":[{"href":"https:\/\/blog.ilgiornale.it\/nannipieri\/wp-json\/wp\/v2\/media?parent=608"}],"wp:term":[{"taxonomy":"category","embeddable":true,"href":"https:\/\/blog.ilgiornale.it\/nannipieri\/wp-json\/wp\/v2\/categories?post=608"},{"taxonomy":"post_tag","embeddable":true,"href":"https:\/\/blog.ilgiornale.it\/nannipieri\/wp-json\/wp\/v2\/tags?post=608"}],"curies":[{"name":"wp","href":"https:\/\/api.w.org\/{rel}","templated":true}]}}