{"id":1298,"date":"2023-02-02T07:37:30","date_gmt":"2023-02-02T06:37:30","guid":{"rendered":"https:\/\/blog.ilgiornale.it\/pasini\/?p=1298"},"modified":"2023-02-02T07:37:30","modified_gmt":"2023-02-02T06:37:30","slug":"anarchici-violenti-e-sovversivi-in-galera-io-sto-dalla-parte-delle-istituzioni-dei-magistrati-e-delle-forze-dellordine","status":"publish","type":"post","link":"https:\/\/blog.ilgiornale.it\/pasini\/2023\/02\/02\/anarchici-violenti-e-sovversivi-in-galera-io-sto-dalla-parte-delle-istituzioni-dei-magistrati-e-delle-forze-dellordine\/","title":{"rendered":"Anarchici violenti e sovversivi in galera. Io sto dalla parte delle istituzioni dei Magistrati e delle Forze dell\u2019Ordine"},"content":{"rendered":"<p>Dopo oltre 100 giorni di sciopero della fame contro il carcere duro, sono gravi le condizioni di Alfredo Cospito, terrorista e anarchico italiano, condannato all\u2019ergastolo ostativo per l\u2019attentato del 2006 contro la scuola di allievi carabinieri di Fossano. <\/p>\n<p>Cospito ha iniziato uno sciopero della fame contro le condizioni del regime 41-bis e dell\u2019ergastolo ostativo il giorno 20 ottobre 2022 e a oggi si trova ad aver perso pi\u00f9 di 35 chili. Lo sciopero continua con il sostegno da parte di diversi gruppi anarchici e da una frangia di intellettuali italiani che hanno chiesto al Ministero della giustizia la revoca della misura che prevede \u00abla facolt\u00e0 di sospendere, in tutto o in parte, nei confronti dei detenuti per taluno dei delitti di cui al comma 1 dell&#8217;articolo 4- bis, l&#8217;applicazione delle regole di trattamento e degli istituti previsti dalla presente legge che possano porsi in concreto contrasto con le esigenze di ordine e di sicurezza\u00bb.<\/p>\n<p>In parole povere, in caso di gravi motivi di ordine e di sicurezza pubblica, il Ministro della giustizia ha la possibilit\u00e0 di sospendere le garanzie e gli istituti dell&#8217;ordinamento penitenziario, per applicare le restrizioni necessarie nei confronti dei detenuti condannati, indagati o imputati per i delitti di associazione per delinquere di stampo mafioso, nonch\u00e9 i delitti commessi per mezzo dell&#8217;associazione o per avvantaggiarla. <\/p>\n<p>Cospito, che ha definito il regime del 41-bis come \u00abl\u2019inferno dal quale mai mi faranno tornare a rivedere le stelle\u00bb \u00e8 oggi in custodia al carcere milanese di Opera nel Servizio assistenza intensificata presente nella struttura. Il suo avvocato ha gi\u00e0 dichiarato che Cospito non accetter\u00e0 somministrazioni di cibo e continuer\u00e0 lo sciopero della fame. <\/p>\n<p>Davanti a quanto sta succedendo, in quanto cittadino italiano che crede fermamente nella giustizia e nel valore delle istituzioni, mi sento in dovere di avanzare un mio pensiero in merito al caso Cospito e al tanto chiacchierato regime del 41-bis. <\/p>\n<p>Credo fortemente che lo Stato non debba cedere a questo ricatto, perch\u00e9 di ricatto stiamo parlando. Uno Stato non pu\u00f2 piegarsi a chi, programmaticamente, ne contesta l\u2019esistenza e ne vuole minare le basi democratica. Men che meno difronte a chi per contestare lo stato e le istituzioni isa violenza e arroganza. Sono gli stessi anarchici a definire lo Stato loro nemico quotidiano, con cui non scendere a patti, perch\u00e9 allora dovrebbe essere lo Stato  a cercare una mediazione?<\/p>\n<p>Cospito probabilmente potrebbe anche essere un portavoce oltre che del mondo anarchico anche della mafia, che sta strumentalizzando la sua situazione per chiedere l\u2019abolizione del 41-bis. Ritenere Cospito \u201cmeno colpevole\u201d di altri, solamente perch\u00e9 le bombe da lui piazzate fuori dalla scuola allievi carabinieri di Fossano non hanno causato decine di morti, come invece \u00e8 stato per altre stragi, significa ignorare un pericolo reale.<\/p>\n<p>Ritengono doveroso ricordare il discorso tenuto da Cospito durante il processo per l\u2019attentato di Roberto Adinolfi, amministratore delegato di Ansaldo Energia che \u00e8 stato gambizzato proprio da Cospito. In quel giorno di ottobre, un presidio di un centinaio di anarchici, alcuni provenienti da Torino, sono rimasti davanti all\u2019ingresso principale di palazzo di giustizia, mentre una ventina ha assistito alla prima fase dell\u2019udienza, con slogan, urla e proteste contro il giudice. Tra gli incitamenti dei suoi compagni, Cospito ha definito \u00abuna gioia\u00bb e un \u00abgodimento\u00bb sparare ad Adinolfi, mentre il suo compagno Nicola Gai ha rivelato di essere in grado di \u00abalimentare il suo odio\u00bb anche in carcere.<\/p>\n<p>Come si pu\u00f2 davanti a questi presupposti anche solo pensare di abolire il 41-bis? E come si pu\u00f2 cedere alle richieste di un vero e proprio delinquete. <\/p>\n<p>Il terrorismo \u00e8 un cancro. Parliamo anche degli attentati compiuti contro la nostra diplomazia ad Atene, Barcellona e Berlino, come pure quello di Torino, le violenze di piazza a Roma e Trento, i proiettili indirizzati al direttore del Tirreno e al procuratore generale Francesco Saluzzo, la molotov contro un commissariato di Polizia. Lo Stato non pu\u00f2 e non deve scendere a patti con questi criminali che odiano le istituzioni e lo Stato. <\/p>\n<p>Gli anarchici violenti e i  terroristi non avranno mai neanche un briciolo del mio rispetto. Il mio rispetto e la mia pi\u00f9 sincera vicinanza va alle donne e agli uomini in divisa le Forze dell\u2019Ordine e ai Magistrati che con grande professionalit\u00e0 e spirito di sacrificio fronteggiano tutti i giorni ed anche in queste ore cos\u00ec delicate, le dimostrazioni criminali  di chi immagina di utilizzare la minaccia e la violenza come metodo di condizionamento delle istituzioni. Gli anarchici e tutti coloro  che credono di poter far valere le proprie idee con atti criminali e terroristici vanno perseguiti dalle istituzioni in modo deciso e senza indietreggiare di un passo. Questa gente che rappresenta un concreto pericolo per la sicurezza e l\u2019incolumit\u00e0 dei cittadini e delle istituzioni va stanata, perseguita, processata e sbattuta in galera senza alcuno sconto di pena. <a href=\"http:\/\/www.IlGiornale.it\">www.IlGiornale.it<\/a><\/p>\n","protected":false},"excerpt":{"rendered":"<p><p>Dopo oltre 100 giorni di sciopero della fame contro il carcere duro, sono gravi le condizioni di Alfredo Cospito, terrorista e anarchico italiano, condannato all\u2019ergastolo ostativo per l\u2019attentato del 2006 contro la scuola di allievi carabinieri di Fossano. Cospito ha iniziato uno sciopero della fame contro le condizioni del regime 41-bis e dell\u2019ergastolo ostativo il giorno 20 ottobre 2022 e a oggi si trova ad aver perso pi\u00f9 di 35 chili. Lo sciopero continua con il sostegno da parte di diversi gruppi anarchici e da una frangia di intellettuali italiani che hanno chiesto al Ministero della giustizia la revoca della [&hellip;]<\/p>\n&nbsp;&nbsp;<div class=\"readmore\"><a href=\"https:\/\/blog.ilgiornale.it\/pasini\/2023\/02\/02\/anarchici-violenti-e-sovversivi-in-galera-io-sto-dalla-parte-delle-istituzioni-dei-magistrati-e-delle-forze-dellordine\/\">Continua a leggere...<\/a><\/div><\/p>","protected":false},"author":1083,"featured_media":0,"comment_status":"open","ping_status":"closed","sticky":false,"template":"","format":"standard","meta":[],"categories":[7685,454636,40729,51217,938,53,45041],"tags":[7685,454636,395749,938,395739,45041],"_links":{"self":[{"href":"https:\/\/blog.ilgiornale.it\/pasini\/wp-json\/wp\/v2\/posts\/1298"}],"collection":[{"href":"https:\/\/blog.ilgiornale.it\/pasini\/wp-json\/wp\/v2\/posts"}],"about":[{"href":"https:\/\/blog.ilgiornale.it\/pasini\/wp-json\/wp\/v2\/types\/post"}],"author":[{"embeddable":true,"href":"https:\/\/blog.ilgiornale.it\/pasini\/wp-json\/wp\/v2\/users\/1083"}],"replies":[{"embeddable":true,"href":"https:\/\/blog.ilgiornale.it\/pasini\/wp-json\/wp\/v2\/comments?post=1298"}],"version-history":[{"count":1,"href":"https:\/\/blog.ilgiornale.it\/pasini\/wp-json\/wp\/v2\/posts\/1298\/revisions"}],"predecessor-version":[{"id":1299,"href":"https:\/\/blog.ilgiornale.it\/pasini\/wp-json\/wp\/v2\/posts\/1298\/revisions\/1299"}],"wp:attachment":[{"href":"https:\/\/blog.ilgiornale.it\/pasini\/wp-json\/wp\/v2\/media?parent=1298"}],"wp:term":[{"taxonomy":"category","embeddable":true,"href":"https:\/\/blog.ilgiornale.it\/pasini\/wp-json\/wp\/v2\/categories?post=1298"},{"taxonomy":"post_tag","embeddable":true,"href":"https:\/\/blog.ilgiornale.it\/pasini\/wp-json\/wp\/v2\/tags?post=1298"}],"curies":[{"name":"wp","href":"https:\/\/api.w.org\/{rel}","templated":true}]}}