{"id":1491,"date":"2020-12-12T10:23:07","date_gmt":"2020-12-12T09:23:07","guid":{"rendered":"https:\/\/blog.ilgiornale.it\/pellegrino\/?p=1491"},"modified":"2020-12-12T10:39:59","modified_gmt":"2020-12-12T09:39:59","slug":"renzi-a-el-pais-pronto-a-negare-sostegno-al-governo","status":"publish","type":"post","link":"https:\/\/blog.ilgiornale.it\/pellegrino\/2020\/12\/12\/renzi-a-el-pais-pronto-a-negare-sostegno-al-governo\/","title":{"rendered":"Renzi a El Pa\u00eds: &#8220;Pronto a negare sostegno al Governo&#8221;"},"content":{"rendered":"In una lunga intervista per il quotidiano spagnolo El Pa\u00eds, Matteo Renzi, leader di Italia Viva, non le manda di certo a dire alla maggioranza di cui fa parte. Infatti, dopo aver ricattato il suo stesso Governo in Senato e, da giorni, con varie dichiarazioni sui quotidiani italiani, a El Pais dichiara. \u201cSe Conte non fa marcia indietro siamo pronti a far cadere il Governo\u201c. Renzi insiste proprio nel momento in cui il premier Giuseppe Conti \u00e8 impegnato a Bruxelles per la delicata questione dei fondi. Alfonso Bonafede, capo della delegazione M5s e ministro, non ci sta: \u201c\u00c8 irresponsabile attaccare il Governo di cui si fa parte, per di pi\u00f9 usando un quotidiano estero, minacciando addirittura una crisi mentre il Consiglio Ue \u00e8 ancora in corso e l\u2019Italia sta facendo valere le proprie ragioni. Questo vuol dire indebolire deliberatamente l\u2019Italia a livello internazionale. Non solo non \u00e8 accettabile ma \u00e8 irrispettoso nei confronto di tutti gli italiani\u201d.<br \/>\r\nRenzi al giornale spagnolo ribadisce che vuole che su Recovery fund e cabina di regia si ridiscuta tutto da capo. E questo nonostante il confronto sia avvenuto in almeno una dozzina di incontri al ministero. A El Pais dice di essere pronto a ritirare appoggio all\u2019esecutivo ma ripete di essere convinto che questo non comporter\u00e0 un ritorno anticipato alle urne. \u201cIl presidente della Repubblica deve verificare se ci sono i numeri in Parlamento\u201d per una nuova maggioranza&#8221;, dichiara al quotidiano spagnolo di Madrid e aggiunge: &#8220;Credo che ci siano. Se Conte vuole pieni poteri come Salvini, allora io devo dire &#8216;no&#8217;\u201d. <br \/>","protected":false},"excerpt":{"rendered":"<p><p>In una lunga intervista per il quotidiano spagnolo El Pa\u00eds, Matteo Renzi, leader di Italia Viva, non le manda di certo a dire alla maggioranza di cui fa parte. Infatti, dopo aver ricattato il suo stesso Governo in Senato e, da giorni, con varie dichiarazioni sui quotidiani italiani, a El Pais dichiara. \u201cSe Conte non fa marcia indietro siamo pronti a far cadere il Governo\u201c. Renzi insiste proprio nel momento in cui il premier Giuseppe Conti \u00e8 impegnato a Bruxelles per la delicata questione dei fondi. Alfonso Bonafede, capo della delegazione M5s e ministro, non ci sta: \u201c\u00c8 irresponsabile attaccare [&hellip;]<\/p>\n&nbsp;&nbsp;<div class=\"readmore\"><a href=\"https:\/\/blog.ilgiornale.it\/pellegrino\/2020\/12\/12\/renzi-a-el-pais-pronto-a-negare-sostegno-al-governo\/\">Continua a leggere...<\/a><\/div><\/p>","protected":false},"author":1108,"featured_media":0,"comment_status":"open","ping_status":"open","sticky":false,"template":"","format":"standard","meta":[],"categories":[247],"tags":[],"_links":{"self":[{"href":"https:\/\/blog.ilgiornale.it\/pellegrino\/wp-json\/wp\/v2\/posts\/1491"}],"collection":[{"href":"https:\/\/blog.ilgiornale.it\/pellegrino\/wp-json\/wp\/v2\/posts"}],"about":[{"href":"https:\/\/blog.ilgiornale.it\/pellegrino\/wp-json\/wp\/v2\/types\/post"}],"author":[{"embeddable":true,"href":"https:\/\/blog.ilgiornale.it\/pellegrino\/wp-json\/wp\/v2\/users\/1108"}],"replies":[{"embeddable":true,"href":"https:\/\/blog.ilgiornale.it\/pellegrino\/wp-json\/wp\/v2\/comments?post=1491"}],"version-history":[{"count":5,"href":"https:\/\/blog.ilgiornale.it\/pellegrino\/wp-json\/wp\/v2\/posts\/1491\/revisions"}],"predecessor-version":[{"id":1503,"href":"https:\/\/blog.ilgiornale.it\/pellegrino\/wp-json\/wp\/v2\/posts\/1491\/revisions\/1503"}],"wp:attachment":[{"href":"https:\/\/blog.ilgiornale.it\/pellegrino\/wp-json\/wp\/v2\/media?parent=1491"}],"wp:term":[{"taxonomy":"category","embeddable":true,"href":"https:\/\/blog.ilgiornale.it\/pellegrino\/wp-json\/wp\/v2\/categories?post=1491"},{"taxonomy":"post_tag","embeddable":true,"href":"https:\/\/blog.ilgiornale.it\/pellegrino\/wp-json\/wp\/v2\/tags?post=1491"}],"curies":[{"name":"wp","href":"https:\/\/api.w.org\/{rel}","templated":true}]}}