{"id":532,"date":"2019-08-15T20:55:08","date_gmt":"2019-08-15T18:55:08","guid":{"rendered":"https:\/\/blog.ilgiornale.it\/pellegrino\/?p=532"},"modified":"2019-08-20T18:30:43","modified_gmt":"2019-08-20T16:30:43","slug":"le-ragioni-di-javier","status":"publish","type":"post","link":"https:\/\/blog.ilgiornale.it\/pellegrino\/2019\/08\/15\/le-ragioni-di-javier\/","title":{"rendered":"Le ragioni di Javier"},"content":{"rendered":"<p>Javier \u00c1ngel Encinas Bardem noto come Javier Bardem, figlio di Jos\u00e9 Carlos Encinas Doussinague e dell&#8217;attrice Pilar Bardem, nipote del regista Juan Antonio Bardem e fratello minore degli attori Carlos e M\u00f3nica Bardem, come noto, appartiene a una potente e famosa famiglia del cinema spagnolo. La madre era amica di Luis Bu\u00f1uel, la famiglia molto vicina ai Socialisti (frequentano da sempre i pesi massimi del socialismo iberico, \u00a0da Felipe Gonzalez a Jos\u00e9 Luis Rodriguez Zapatero). Bene, Javier ha preso la parola in un filmato autoprodotto per dire la sua sul caso della nave Open Arms. Ha chiesto di intervenire immediatamente al suo riscatto, ma non all&#8217;Italia o all&#8217;Europa. Lo ha chiesto alla sua Spagna perch\u00e9 quella nave appartiene al suo Paese, non all&#8217;Italia o alla Grecia o a Malta.<\/p>\n<p><a href=\"https:\/\/blog.ilgiornale.it\/pellegrino\/files\/2019\/08\/JB.jpg\"><img loading=\"lazy\" class=\"alignnone size-medium wp-image-554\" src=\"https:\/\/blog.ilgiornale.it\/pellegrino\/files\/2019\/08\/JB-300x204.jpg\" alt=\"JB\" width=\"300\" height=\"204\" srcset=\"https:\/\/blog.ilgiornale.it\/pellegrino\/files\/2019\/08\/JB-300x204.jpg 300w, https:\/\/blog.ilgiornale.it\/pellegrino\/files\/2019\/08\/JB.jpg 890w\" sizes=\"(max-width: 300px) 100vw, 300px\" \/><\/a><\/p>\n<p>Ha chiesto al premier Pedro S\u00e1nchez di eliminare le sanzioni, e di accogliere la nave nel porto di Barcellona e di prendersi cura dei migranti. Bravo Javier, un punto per te che non cavalchi \u00a0la moda estate 2019 di odiare \u00a0gli italiani &#8220;razzisti e disumani&#8221; che chiudono i porti, dopo decenni di accoglienza. Javier ha detto\u00a0la verit\u00e0 sul fenomeno Ong con tanta onest\u00e0 intellettuale: la nave \u00e8 spagnola, porta i migranti in Spagna senza la pantomima di piazzarsi davanti a Lampedusa. Il sindaco di Cadiz ha ascoltato l&#8217;appello dell&#8217;attore canario e ha dato disponibilit\u00e0 ad accogliere nel porto la nave, chiedendo a Madrid di sospendere le sanzioni. Via libera che, invece, non \u00e8 arrivato. Tuttavia il premier socialista S\u00e1nchez ha comunicato la disponibilit\u00e0 per la ridistribuzione della met\u00e0 dei migranti presenti sulla nave da sedici giorni. La parola ora passa a Salvini.<\/p>\n","protected":false},"excerpt":{"rendered":"<p><p>Javier \u00c1ngel Encinas Bardem noto come Javier Bardem, figlio di Jos\u00e9 Carlos Encinas Doussinague e dell&#8217;attrice Pilar Bardem, nipote del regista Juan Antonio Bardem e fratello minore degli attori Carlos e M\u00f3nica Bardem, come noto, appartiene a una potente e famosa famiglia del cinema spagnolo. La madre era amica di Luis Bu\u00f1uel, la famiglia molto vicina ai Socialisti (frequentano da sempre i pesi massimi del socialismo iberico, \u00a0da Felipe Gonzalez a Jos\u00e9 Luis Rodriguez Zapatero). Bene, Javier ha preso la parola in un filmato autoprodotto per dire la sua sul caso della nave Open Arms. Ha chiesto di intervenire immediatamente [&hellip;]<\/p>\n&nbsp;&nbsp;<div class=\"readmore\"><a href=\"https:\/\/blog.ilgiornale.it\/pellegrino\/2019\/08\/15\/le-ragioni-di-javier\/\">Continua a leggere...<\/a><\/div><\/p>","protected":false},"author":1108,"featured_media":0,"comment_status":"open","ping_status":"closed","sticky":false,"template":"","format":"standard","meta":[],"categories":[42,371980,58379],"tags":[],"_links":{"self":[{"href":"https:\/\/blog.ilgiornale.it\/pellegrino\/wp-json\/wp\/v2\/posts\/532"}],"collection":[{"href":"https:\/\/blog.ilgiornale.it\/pellegrino\/wp-json\/wp\/v2\/posts"}],"about":[{"href":"https:\/\/blog.ilgiornale.it\/pellegrino\/wp-json\/wp\/v2\/types\/post"}],"author":[{"embeddable":true,"href":"https:\/\/blog.ilgiornale.it\/pellegrino\/wp-json\/wp\/v2\/users\/1108"}],"replies":[{"embeddable":true,"href":"https:\/\/blog.ilgiornale.it\/pellegrino\/wp-json\/wp\/v2\/comments?post=532"}],"version-history":[{"count":5,"href":"https:\/\/blog.ilgiornale.it\/pellegrino\/wp-json\/wp\/v2\/posts\/532\/revisions"}],"predecessor-version":[{"id":555,"href":"https:\/\/blog.ilgiornale.it\/pellegrino\/wp-json\/wp\/v2\/posts\/532\/revisions\/555"}],"wp:attachment":[{"href":"https:\/\/blog.ilgiornale.it\/pellegrino\/wp-json\/wp\/v2\/media?parent=532"}],"wp:term":[{"taxonomy":"category","embeddable":true,"href":"https:\/\/blog.ilgiornale.it\/pellegrino\/wp-json\/wp\/v2\/categories?post=532"},{"taxonomy":"post_tag","embeddable":true,"href":"https:\/\/blog.ilgiornale.it\/pellegrino\/wp-json\/wp\/v2\/tags?post=532"}],"curies":[{"name":"wp","href":"https:\/\/api.w.org\/{rel}","templated":true}]}}