{"id":909,"date":"2019-12-17T00:53:27","date_gmt":"2019-12-16T23:53:27","guid":{"rendered":"https:\/\/blog.ilgiornale.it\/pellegrino\/?p=909"},"modified":"2019-12-17T00:56:57","modified_gmt":"2019-12-16T23:56:57","slug":"la-cop25-di-madrid-e-stato-un-fallimento-totale","status":"publish","type":"post","link":"https:\/\/blog.ilgiornale.it\/pellegrino\/2019\/12\/17\/la-cop25-di-madrid-e-stato-un-fallimento-totale\/","title":{"rendered":"La Cop25 di Madrid \u00e8 stato un fallimento totale"},"content":{"rendered":"<p>Per <strong>la prima volta nella sua storia<\/strong>, la Conferenza <strong>dell&#8217;Onu sui Cambiamenti Climatici<\/strong> si \u00e8 chiusa con <strong>un bel nulla di fatto<\/strong>, in pratica con <strong>un fallimento<\/strong>, dove nulla si <strong>\u00e8 stabilito, nulla si \u00e8 deciso<\/strong>, ma si \u00e8 rimandato tutto ai lavori della prossima assemblea del 2020 a Glasgow,<strong> in Scozia<\/strong>. Eppure a comune accordo della <strong>societ\u00e0 scientifica<\/strong>, il <strong>2019 si chiuder\u00e0 com l&#8217;anno peggior<\/strong>e per i dati su aumento della \u00a0<strong>temperature degli oceani<\/strong>, lo scioglimento dei <strong>ghiacci<\/strong> che dovevano <strong>essere<\/strong> <strong>eterni<\/strong>, la scarsa dei ghiacciai e tutte le altre <strong>catastrofi<\/strong> come <strong>inondazioni<\/strong> e siccit\u00e0.<\/p>\n<div id=\"attachment_917\" style=\"width: 310px\" class=\"wp-caption alignnone\"><a href=\"https:\/\/blog.ilgiornale.it\/pellegrino\/files\/2019\/12\/Gut.jpg\"><img aria-describedby=\"caption-attachment-917\" loading=\"lazy\" class=\"size-medium wp-image-917\" src=\"https:\/\/blog.ilgiornale.it\/pellegrino\/files\/2019\/12\/Gut-300x165.jpg\" alt=\"Il segretario generale Onu, deluso per &quot;l'occasione perdita&quot; alla Cop25 di Madrid\" width=\"300\" height=\"165\" srcset=\"https:\/\/blog.ilgiornale.it\/pellegrino\/files\/2019\/12\/Gut-300x165.jpg 300w, https:\/\/blog.ilgiornale.it\/pellegrino\/files\/2019\/12\/Gut.jpg 620w\" sizes=\"(max-width: 300px) 100vw, 300px\" \/><\/a><p id=\"caption-attachment-917\" class=\"wp-caption-text\">Il segretario generale Onu, Ant\u00f3nio Guterres, \u00a0deluso per &#8220;l&#8217;occasione perdita&#8221; alla Cop25 di Madrid<\/p><\/div>\n<p>Oltre <strong>196 delegati<\/strong> e rappresentanti <strong>dei Paesi dopo quindici giorni<\/strong> di incontri, negoziati, <strong>trattative al fulmicotone<\/strong>, appelli, filmati <strong>terribili e accuse<\/strong>, anche con una giornata e mezza di<strong> tempi supplementari<\/strong>, non sono riuscii ad <strong>accordarsi su nulla<\/strong>. Nessun Paese ha voluto fare un <strong>passo indietro<\/strong>, ingoiare una <strong>pillola cattiva<\/strong>, ma necessaria. C&#8217;\u00e8 stato persino chi si \u00e8 <strong>lamentato che voleva inquinare di pi\u00f9<\/strong>, come il <strong>Brasile e l&#8217;Australia<\/strong> che, essendo dei <strong>naturali filtri di pulizia<\/strong> per il monossido di <strong>carbonio mondiale<\/strong>, grazie ad alcune peculiarit\u00e0 <strong>territoriali<\/strong>, esigevano <strong>la licenza a inquinare di pi\u00f9<\/strong> per aumentare \u00a0loro <strong>produzione industriale<\/strong>.<\/p>\n<div id=\"attachment_918\" style=\"width: 310px\" class=\"wp-caption alignnone\"><a href=\"https:\/\/blog.ilgiornale.it\/pellegrino\/files\/2019\/12\/greta1.jpg\"><img aria-describedby=\"caption-attachment-918\" loading=\"lazy\" class=\"size-medium wp-image-918\" src=\"https:\/\/blog.ilgiornale.it\/pellegrino\/files\/2019\/12\/greta1-300x169.jpg\" alt=\"La sedicenne attivista svedese Greta Thunberg, creatrice dei Friday For Future, anche lei al vertice \u00e8 arrivata dagli Usa dopo tre settimane di barca.\" width=\"300\" height=\"169\" srcset=\"https:\/\/blog.ilgiornale.it\/pellegrino\/files\/2019\/12\/greta1-300x169.jpg 300w, https:\/\/blog.ilgiornale.it\/pellegrino\/files\/2019\/12\/greta1.jpg 980w\" sizes=\"(max-width: 300px) 100vw, 300px\" \/><\/a><p id=\"caption-attachment-918\" class=\"wp-caption-text\">La sedicenne attivista svedese Greta Thunberg, (al centro) creatrice dei Fridays For Future, anche lei al vertice: \u00e8 arrivata dagli Usa dopo tre settimane di barca<\/p><\/div>\n<p>I motti di <strong>&#8220;act now&#8221; o &#8220;do more&#8221;<\/strong> alla fine sono rimasti <strong>soltanto slogan<\/strong> inattesi, bench\u00e9 le trattivi <strong>andassero a oltranza,<\/strong> senza pausa caff\u00e8. Alla fine si \u00e8 sottoscritto un debolissimo appello a &#8220;fare in modo di <strong>non<\/strong> <strong>inquinare<\/strong> oltre, di <strong>coinvolgere<\/strong> le aziende e le persone&#8221;. L\u2019accordo pi\u00f9 <strong>atteso e pi\u00f9 importante<\/strong>, quello relativo a<strong>lla regolamentazione<\/strong> <strong>dei mercati di CO2<\/strong>, non \u00e8 arrivato. Il rebus <strong>dell&#8217;articolo 6 del trattato di Parigi<\/strong> che ancora calcola <strong>in modo errato due volte<\/strong> le emissioni dall&#8217;utilizzo di <strong>carbone<\/strong>, sommando <strong>quelle del produttore e del compratore<\/strong>. I <strong>paesi europei<\/strong> hanno preferito <strong>rimandare<\/strong> piuttosto che <strong>prendere decisioni sbagliate<\/strong>, mentre gli <strong>Stati Uniti<\/strong> non <strong>si sono presentati<\/strong> n\u00e9 hanno mandato <strong>un loro delegato<\/strong>, confermando di <strong>essersi rimangiati<\/strong> il precedente <strong>&#8220;s\u00ec&#8221; all&#8217;eliminazione<\/strong> entro il 2050 delle <strong>energie<\/strong> dal \u00a0<strong>carbon fossile<\/strong>, soprattutto del carbone, di cui sono ghiotte <strong>le industrie cinesi<\/strong>. &#8220;Un&#8217;occasione <strong>sprecata<\/strong>&#8220;, ha detto molto <strong>deluso il segretario generale Onu Ant\u00f3nio Guterres.<\/strong> A pagare le pene peggiori <strong>saranno tutti queiPaesi poveri o in via di sviluppo<\/strong> o legati al turismo marino che rischiano di <strong>affondare<\/strong>, come l<strong>e quattro isole polinesiane di Tuvalu<\/strong> o le nazioni devastata dalle <strong>ondate di siccit\u00e0<\/strong> che contribuiscono <strong>a muovere migliaia<\/strong> di immigrati dall&#8217;<strong>Africa all&#8217;Europa<\/strong>.<\/p>\n<div id=\"attachment_919\" style=\"width: 310px\" class=\"wp-caption alignnone\"><a href=\"https:\/\/blog.ilgiornale.it\/pellegrino\/files\/2019\/12\/cop.jpg\"><img aria-describedby=\"caption-attachment-919\" loading=\"lazy\" class=\"size-medium wp-image-919\" src=\"https:\/\/blog.ilgiornale.it\/pellegrino\/files\/2019\/12\/cop-300x168.jpg\" alt=\"Un momento della Cop25 , spostata da Santiago de Cile a Madrid per motivi d'ordine sociale.\" width=\"300\" height=\"168\" srcset=\"https:\/\/blog.ilgiornale.it\/pellegrino\/files\/2019\/12\/cop-300x168.jpg 300w, https:\/\/blog.ilgiornale.it\/pellegrino\/files\/2019\/12\/cop.jpg 512w\" sizes=\"(max-width: 300px) 100vw, 300px\" \/><\/a><p id=\"caption-attachment-919\" class=\"wp-caption-text\">Un momento della Cop25 , spostata da Santiago del Cile a Madrid per motivi d&#8217;ordine sociale<\/p><\/div>\n<p>Si dovr\u00e0 attendere <strong>quindi la prossima Cop26, quella di Glasgow nel 2020<\/strong>, come abbiamo detto, per stabilire qualcosa che possa mettere <strong>in marcia gli accordi di Parigi<\/strong> che giacciono confinati a <strong>un cassetto di buoni propositi.<\/strong><\/p>\n","protected":false},"excerpt":{"rendered":"<p><p>Per la prima volta nella sua storia, la Conferenza dell&#8217;Onu sui Cambiamenti Climatici si \u00e8 chiusa con un bel nulla di fatto, in pratica con un fallimento, dove nulla si \u00e8 stabilito, nulla si \u00e8 deciso, ma si \u00e8 rimandato tutto ai lavori della prossima assemblea del 2020 a Glasgow, in Scozia. Eppure a comune accordo della societ\u00e0 scientifica, il 2019 si chiuder\u00e0 com l&#8217;anno peggiore per i dati su aumento della \u00a0temperature degli oceani, lo scioglimento dei ghiacci che dovevano essere eterni, la scarsa dei ghiacciai e tutte le altre catastrofi come inondazioni e siccit\u00e0. Oltre 196 delegati e [&hellip;]<\/p>\n&nbsp;&nbsp;<div class=\"readmore\"><a href=\"https:\/\/blog.ilgiornale.it\/pellegrino\/2019\/12\/17\/la-cop25-di-madrid-e-stato-un-fallimento-totale\/\">Continua a leggere...<\/a><\/div><\/p>","protected":false},"author":1108,"featured_media":0,"comment_status":"open","ping_status":"closed","sticky":false,"template":"","format":"standard","meta":[],"categories":[26334,372028,87261,372016,372027,119,256486,16949,4990,206],"tags":[],"_links":{"self":[{"href":"https:\/\/blog.ilgiornale.it\/pellegrino\/wp-json\/wp\/v2\/posts\/909"}],"collection":[{"href":"https:\/\/blog.ilgiornale.it\/pellegrino\/wp-json\/wp\/v2\/posts"}],"about":[{"href":"https:\/\/blog.ilgiornale.it\/pellegrino\/wp-json\/wp\/v2\/types\/post"}],"author":[{"embeddable":true,"href":"https:\/\/blog.ilgiornale.it\/pellegrino\/wp-json\/wp\/v2\/users\/1108"}],"replies":[{"embeddable":true,"href":"https:\/\/blog.ilgiornale.it\/pellegrino\/wp-json\/wp\/v2\/comments?post=909"}],"version-history":[{"count":4,"href":"https:\/\/blog.ilgiornale.it\/pellegrino\/wp-json\/wp\/v2\/posts\/909\/revisions"}],"predecessor-version":[{"id":922,"href":"https:\/\/blog.ilgiornale.it\/pellegrino\/wp-json\/wp\/v2\/posts\/909\/revisions\/922"}],"wp:attachment":[{"href":"https:\/\/blog.ilgiornale.it\/pellegrino\/wp-json\/wp\/v2\/media?parent=909"}],"wp:term":[{"taxonomy":"category","embeddable":true,"href":"https:\/\/blog.ilgiornale.it\/pellegrino\/wp-json\/wp\/v2\/categories?post=909"},{"taxonomy":"post_tag","embeddable":true,"href":"https:\/\/blog.ilgiornale.it\/pellegrino\/wp-json\/wp\/v2\/tags?post=909"}],"curies":[{"name":"wp","href":"https:\/\/api.w.org\/{rel}","templated":true}]}}