{"id":1054,"date":"2021-11-23T14:30:25","date_gmt":"2021-11-23T13:30:25","guid":{"rendered":"https:\/\/blog.ilgiornale.it\/persiani\/?p=1054"},"modified":"2021-11-23T14:30:25","modified_gmt":"2021-11-23T13:30:25","slug":"violenza-contro-le-donne-i-presidi-sanitari-organizzati-al-meglio","status":"publish","type":"post","link":"https:\/\/blog.ilgiornale.it\/persiani\/2021\/11\/23\/violenza-contro-le-donne-i-presidi-sanitari-organizzati-al-meglio\/","title":{"rendered":"Violenza contro le donne: i presidi sanitari, organizzati al meglio"},"content":{"rendered":"\r\n<p><a href=\"https:\/\/blog.ilgiornale.it\/persiani\/files\/2021\/11\/Elisabetta-Colonese-Ginecologa-scaled.jpg\"><img loading=\"lazy\" class=\"alignnone size-medium wp-image-1059\" src=\"https:\/\/blog.ilgiornale.it\/persiani\/files\/2021\/11\/Elisabetta-Colonese-Ginecologa-225x300.jpg\" alt=\"\" width=\"225\" height=\"300\" srcset=\"https:\/\/blog.ilgiornale.it\/persiani\/files\/2021\/11\/Elisabetta-Colonese-Ginecologa-225x300.jpg 225w, https:\/\/blog.ilgiornale.it\/persiani\/files\/2021\/11\/Elisabetta-Colonese-Ginecologa-768x1024.jpg 768w, https:\/\/blog.ilgiornale.it\/persiani\/files\/2021\/11\/Elisabetta-Colonese-Ginecologa-1152x1536.jpg 1152w, https:\/\/blog.ilgiornale.it\/persiani\/files\/2021\/11\/Elisabetta-Colonese-Ginecologa-1536x2048.jpg 1536w, https:\/\/blog.ilgiornale.it\/persiani\/files\/2021\/11\/Elisabetta-Colonese-Ginecologa-scaled.jpg 1920w\" sizes=\"(max-width: 225px) 100vw, 225px\" \/><\/a><br \/>L&#8217;abuso fisico e sessuale \u00e8 un problema sanitario che colpisce oltre il 35% delle donne in tutto il mondo; cosa ben pi\u00f9 grave, \u00e8 che ad infliggere la violenza sia nel 30% dei casi un partner intimo. Questi i dati diffusi dall\u2019OMS in occasione del 25 Novembre giornata Mondiale della lotta alla violenza contro le donne.<br \/>Fortunatamente, sono numerose le iniziative che supportano i presidi di pronto soccorso e altri contesti clinici per l\u2019intercettazione e la gestione tempestiva dei casi di violenza.<br \/>Tutti i casi di sospetta violenza sessuale, devono stimolare la denuncia.<\/p>\r\n<p>Ma quali sono i segnali a cui un professionista, ginecologo, ostetrico o infermiere deve prestare attenzione? &#8220;I traumi a livello vulvare esterno, come ecchimosi, sanguinamenti, tagli, lesioni o segni anche sul corpo richiedono sempre un approfondimento da parte dello specialista che procede anche con indagini interne con speculum ed ecografia transvaginale \u2013 spiega la dottoressa Elisabetta Colonese ginecologa e consulente presso il portale Mustela per i professionisti Formazioneinfanzia.it. In caso di avvenuta violenza \u00e8 fondamentale procedere con una contraccezione di emergenza, per evitare gravidanze indesiderate. Sono molto importanti, inoltre, tutti gli esami virologici per escludere Epatiti B o C come anche Hiv, VDRL e TPHA, gonorrea. Insomma tutte la malattie a trasmissione sessuale. Per poi procedere anche con i tamponi vegino- cervicali, allo scopo di escludere la presenza di patogeni che, partendo dal livello vaginale o cervicale potrebbero provocare vaginiti anche molto pericolose, sia nell\u2019imminente sia nel futuro. Alcuni di questi batteri, infatti, possono intaccare persino la perviet\u00e0 tubarica o provocare gravi infezioni pelviche, compromettendo potenzialmente la fertilit\u00e0 futura. Gli esami del sangue virologici, poi, andranno ripetuti a 6 mesi per il \u201cperiodo finestra\u201d in cui possono positivizzarsi a distanza\u201d E\u2019 di fondamentale importanza- conclude la dottoressa Colonese- poter contare su sistemi sanitari dotati di personale formato, affinch\u00e9 un evento del genere sia gestito al meglio, per prevenire patologie, per fornire sostegno psicologico alle vittime ed evitare gravidanze indesiderate. Una particolare attenzione va riservata alle pazienti di giovane et\u00e0. Nulla deve essere sottovalutato sul piano della prevenzione, dell\u2019 informazione e della tutela delle donne a 360 gradi.<br \/><br \/><\/p>\r\n","protected":false},"excerpt":{"rendered":"<p><p>L&#8217;abuso fisico e sessuale \u00e8 un problema sanitario che colpisce oltre il 35% delle donne in tutto il mondo; cosa ben pi\u00f9 grave, \u00e8 che ad infliggere la violenza sia nel 30% dei casi un partner intimo. Questi i dati diffusi dall\u2019OMS in occasione del 25 Novembre giornata Mondiale della lotta alla violenza contro le donne.Fortunatamente, sono numerose le iniziative che supportano i presidi di pronto soccorso e altri contesti clinici per l\u2019intercettazione e la gestione tempestiva dei casi di violenza.Tutti i casi di sospetta violenza sessuale, devono stimolare la denuncia. Ma quali sono i segnali a cui un professionista, [&hellip;]<\/p>\n&nbsp;&nbsp;<div class=\"readmore\"><a href=\"https:\/\/blog.ilgiornale.it\/persiani\/2021\/11\/23\/violenza-contro-le-donne-i-presidi-sanitari-organizzati-al-meglio\/\">Continua a leggere...<\/a><\/div><\/p>","protected":false},"author":1076,"featured_media":0,"comment_status":"open","ping_status":"open","sticky":false,"template":"","format":"standard","meta":[],"categories":[247],"tags":[],"_links":{"self":[{"href":"https:\/\/blog.ilgiornale.it\/persiani\/wp-json\/wp\/v2\/posts\/1054"}],"collection":[{"href":"https:\/\/blog.ilgiornale.it\/persiani\/wp-json\/wp\/v2\/posts"}],"about":[{"href":"https:\/\/blog.ilgiornale.it\/persiani\/wp-json\/wp\/v2\/types\/post"}],"author":[{"embeddable":true,"href":"https:\/\/blog.ilgiornale.it\/persiani\/wp-json\/wp\/v2\/users\/1076"}],"replies":[{"embeddable":true,"href":"https:\/\/blog.ilgiornale.it\/persiani\/wp-json\/wp\/v2\/comments?post=1054"}],"version-history":[{"count":2,"href":"https:\/\/blog.ilgiornale.it\/persiani\/wp-json\/wp\/v2\/posts\/1054\/revisions"}],"predecessor-version":[{"id":1060,"href":"https:\/\/blog.ilgiornale.it\/persiani\/wp-json\/wp\/v2\/posts\/1054\/revisions\/1060"}],"wp:attachment":[{"href":"https:\/\/blog.ilgiornale.it\/persiani\/wp-json\/wp\/v2\/media?parent=1054"}],"wp:term":[{"taxonomy":"category","embeddable":true,"href":"https:\/\/blog.ilgiornale.it\/persiani\/wp-json\/wp\/v2\/categories?post=1054"},{"taxonomy":"post_tag","embeddable":true,"href":"https:\/\/blog.ilgiornale.it\/persiani\/wp-json\/wp\/v2\/tags?post=1054"}],"curies":[{"name":"wp","href":"https:\/\/api.w.org\/{rel}","templated":true}]}}