{"id":3119,"date":"2026-09-03T16:44:51","date_gmt":"2026-09-03T14:44:51","guid":{"rendered":"http:\/\/blog.ilgiornale.it\/pogliano\/?p=3119"},"modified":"2026-09-03T21:32:46","modified_gmt":"2026-09-03T19:32:46","slug":"anguria-geopolitica","status":"publish","type":"post","link":"https:\/\/blog.ilgiornale.it\/pogliano\/2026\/09\/03\/anguria-geopolitica\/","title":{"rendered":"Anguria geopolitica"},"content":{"rendered":"<h3><img loading=\"lazy\" class=\"size-medium wp-image-3120 alignleft\" src=\"https:\/\/blog.ilgiornale.it\/pogliano\/files\/2026\/09\/anguria-300x300.png\" alt=\"\" width=\"300\" height=\"300\" srcset=\"https:\/\/blog.ilgiornale.it\/pogliano\/files\/2026\/09\/anguria-300x300.png 300w, https:\/\/blog.ilgiornale.it\/pogliano\/files\/2026\/09\/anguria-150x150.png 150w, https:\/\/blog.ilgiornale.it\/pogliano\/files\/2026\/09\/anguria.png 425w\" sizes=\"(max-width: 300px) 100vw, 300px\" \/>I primi di Agosto ho scoperto che all\u2019Esselunga tre tranci di anguria da pochi etti costavano quasi come l\u2019anguria tutta intera. Oltre una certa quantit\u00e0 l\u2019anguria perde valore: si paga il trancio non perch\u00e8 contiene pi\u00f9 anguria, ma perch\u00e8 ne contiene meno.<\/h3>\n<h3>Voglio pensare che dietro la scelta ci sia stata una tempesta di cervelli, anche perch\u00e8 non esiste un prodotto analogo. Sarebbe complicato portarsi a casa una forma di parmigiano, ma non coster\u00e0 mai come una vaschetta da pochi etti.<\/h3>\n<h3>In quella tempesta paradossale di cervelli c\u2019\u00e8 finito un po\u2019 di tutto. Et\u00e0 mediana italiana a cinquant\u2019anni. Schiene stanche per trasportare un oggetto da dieci chili. Affitti a breve termine che alzano i prezzi e riducono gli spazi negli appartamenti. 1,14 figli per donna: troppo pochi per troppa anguria. Una confezione da pochi etti \u00e8 molto pi\u00f9 comoda.<\/h3>\n<h3>In geopolitica il paradosso dell\u2019anguria riguarda quanta America vogliamo metterci in casa e a quale prezzo. L\u2019anguria intera \u00e8 insostenibile. Dopo la guerra scatenata contro l&#8217;Iran, le basi americane in Medio Oriente si sono trasformate da strumenti di protezione in bersagli.<\/h3>\n<h3>Ho gi\u00e0 ricordato che quando gli americani erano buoni (<span style=\"color: #0000ff\"><a href=\"https:\/\/blog.ilgiornale.it\/pogliano\/2026\/07\/14\/quando-gli-americani-erano-buoni\/\" target=\"_blank\" rel=\"noopener noreferrer\">qui<\/a><\/span>), il presidente Truman convoc\u00f2 una riunione segreta dove spieg\u00f2 che se l\u2019Unione Sovietica avesse attaccato, gli Stati Uniti avrebbero scatenato la guerra nucleare in Europa occidentale.<\/h3>\n<h3>Carlo Rovelli nel suo ultimo libro (<span style=\"color: #0000ff\"><a href=\"https:\/\/www.solferinolibri.it\/libri\/la-cattiva-coscienza-dei-fisici\/\" target=\"_blank\" rel=\"noopener noreferrer\">qui<\/a><\/span>) dimostra che quello di Truman non era un semplice artificio retorico: le prime armi atomiche schierate in Italia nel 1955 erano i missili MGR-1 e MGR-5, pronti a essere usati per rallentare un&#8217;eventuale invasione sovietica dalla Jugoslavia. La sintesi di Rovelli \u00e8 una spietata e sarcastica anguria da cinquecento chili:<\/h3>\n<h3><em><span style=\"color: #ff6600\">\u00abBruciare vivi gli abitanti del Friuli e del Veneto, per salvare il capitalismo dai comunisti\u00bb.<\/span><\/em><\/h3>\n<h3>Destinare il 5% del Pil all\u2019anguria intera \u00e8 davvero paradossale. Ci vorrebbe un movimento politico che proponga quello che all\u2019Esselunga \u00e8 ormai consolidato. L\u2019anguria a tranci: <em>meno America sui manifesti<\/em> e nelle nostre basi militari. Inoltre, l\u2019occidente spende gi\u00e0 pi\u00f9 di tutti al mondo in armamenti: occorre spacchettare le cifre tonde concepite da cervelli pigri.<\/h3>\n<h3>A fine Agosto ho comprato un\u2019anguria da dieci chili. E\u2019 costata gi\u00e0 molto di pi\u00f9 che a inizio mese. L\u2019ho portata a casa e l\u2019ho aperta. Era marcia.<\/h3>\n","protected":false},"excerpt":{"rendered":"<p><p>I primi di Agosto ho scoperto che all\u2019Esselunga tre tranci di anguria da pochi etti costavano quasi come l\u2019anguria tutta intera. Oltre una certa quantit\u00e0 l\u2019anguria perde valore: si paga il trancio non perch\u00e8 contiene pi\u00f9 anguria, ma perch\u00e8 ne contiene meno. Voglio pensare che dietro la scelta ci sia stata una tempesta di cervelli, anche perch\u00e8 non esiste un prodotto analogo. Sarebbe complicato portarsi a casa una forma di parmigiano, ma non coster\u00e0 mai come una vaschetta da pochi etti. In quella tempesta paradossale di cervelli c\u2019\u00e8 finito un po\u2019 di tutto. Et\u00e0 mediana italiana a cinquant\u2019anni. Schiene stanche [&hellip;]<\/p>\n&nbsp;&nbsp;<div class=\"readmore\"><a href=\"https:\/\/blog.ilgiornale.it\/pogliano\/2026\/09\/03\/anguria-geopolitica\/\">Continua a leggere...<\/a><\/div><\/p>","protected":false},"author":1120,"featured_media":0,"comment_status":"open","ping_status":"open","sticky":false,"template":"","format":"standard","meta":[],"categories":[79480,597139,3720],"tags":[438136,49059,597194,597196],"_links":{"self":[{"href":"https:\/\/blog.ilgiornale.it\/pogliano\/wp-json\/wp\/v2\/posts\/3119"}],"collection":[{"href":"https:\/\/blog.ilgiornale.it\/pogliano\/wp-json\/wp\/v2\/posts"}],"about":[{"href":"https:\/\/blog.ilgiornale.it\/pogliano\/wp-json\/wp\/v2\/types\/post"}],"author":[{"embeddable":true,"href":"https:\/\/blog.ilgiornale.it\/pogliano\/wp-json\/wp\/v2\/users\/1120"}],"replies":[{"embeddable":true,"href":"https:\/\/blog.ilgiornale.it\/pogliano\/wp-json\/wp\/v2\/comments?post=3119"}],"version-history":[{"count":7,"href":"https:\/\/blog.ilgiornale.it\/pogliano\/wp-json\/wp\/v2\/posts\/3119\/revisions"}],"predecessor-version":[{"id":3127,"href":"https:\/\/blog.ilgiornale.it\/pogliano\/wp-json\/wp\/v2\/posts\/3119\/revisions\/3127"}],"wp:attachment":[{"href":"https:\/\/blog.ilgiornale.it\/pogliano\/wp-json\/wp\/v2\/media?parent=3119"}],"wp:term":[{"taxonomy":"category","embeddable":true,"href":"https:\/\/blog.ilgiornale.it\/pogliano\/wp-json\/wp\/v2\/categories?post=3119"},{"taxonomy":"post_tag","embeddable":true,"href":"https:\/\/blog.ilgiornale.it\/pogliano\/wp-json\/wp\/v2\/tags?post=3119"}],"curies":[{"name":"wp","href":"https:\/\/api.w.org\/{rel}","templated":true}]}}