{"id":465,"date":"2021-11-21T21:10:14","date_gmt":"2021-11-21T20:10:14","guid":{"rendered":"http:\/\/blog.ilgiornale.it\/pogliano\/?p=465"},"modified":"2021-11-23T09:46:15","modified_gmt":"2021-11-23T08:46:15","slug":"i-calciatori-come-mimi-recitano-il-replay","status":"publish","type":"post","link":"https:\/\/blog.ilgiornale.it\/pogliano\/2021\/11\/21\/i-calciatori-come-mimi-recitano-il-replay\/","title":{"rendered":"I calciatori come mimi recitano il replay"},"content":{"rendered":"<h3><img loading=\"lazy\" class=\"size-medium wp-image-466 alignleft\" src=\"https:\/\/blog.ilgiornale.it\/pogliano\/files\/2021\/11\/filo-della-vita-300x236.jpg\" alt=\"\" width=\"300\" height=\"236\" srcset=\"https:\/\/blog.ilgiornale.it\/pogliano\/files\/2021\/11\/filo-della-vita-300x236.jpg 300w, https:\/\/blog.ilgiornale.it\/pogliano\/files\/2021\/11\/filo-della-vita.jpg 531w\" sizes=\"(max-width: 300px) 100vw, 300px\" \/>Quando ero ancora un ragazzino, rimasi affascinato dalla pubblicit\u00e0 del rasoio doppia lama. C\u2019era l\u2019animazione al rallentatore con la prima lama che tagliava il pelo, poi lo estendeva alla sua massima elasticit\u00e0 per permettere alla seconda lama di falciarlo addirittura fin sotto la cute. Quello spot pubblicitario esercit\u00f2 anche sugli imberbi come me l\u2019irresistibile fascino della moviola.<\/h3>\n<h3>Il 22 Novembre 1963, l\u2019omicidio del presidente Kennedy fu il primo evento drammatico di portata planetaria ripreso per caso da una cinepresa. Quella sera, nelle televisioni americane sarebbe dovuto andare in onda il primo instant replay della storia, ma in seguito all\u2019attentato, la partita di football che doveva ospitarlo fu annullata. Quindi \u00e8 paradossale: la partita della prima moviola fu posticipata a causa di una tragico evento che divenne in seguito il pi\u00f9 moviolato della storia, e nonostante tutto, ancora non siamo convinti di chi abbia ucciso JFK.<\/h3>\n<h3>Andare nell\u2019infinitamente lento evidentemente ci rincoglionisce, anzich\u00e8 chiarirci le idee. La moviola nel calcio, e ora anche il VAR, non hanno fatto altro che peggiorare questo paradigma: pi\u00f9 le immagini sono rallentate, pi\u00f9 le opinioni variano, e pi\u00f9 le polemiche infuriano. Dopo quattro anni di scarsa uniformit\u00e0 nel suo utilizzo, sarebbe ora di limitare il VAR solo a fuorigioco e goal line technology. Il resto deve rimanere a discrezione dell\u2019arbitro che sta in campo.<\/h3>\n<h3>Nella primavera del 1975 ero ospite dei miei cugini a Barcellona. Un pomeriggio andammo a casa di amici in un palazzo davanti allo stadio Sarri\u00e0, e guardammo una partita che era trasmessa anche in diretta tv. Noi bambini stavamo un po\u2019 sul terrazzo e un po\u2019 davanti alla televisione, rapiti dalla doppia realt\u00e0. Eravamo dentro quando l\u2019Espa\u00f1ol segn\u00f2, ma mia cugina annunci\u00f2 subito che lei il replay voleva vederlo dal vivo, e schizz\u00f2 fuori. Pensava che i calciatori, dopo aver esultato, avrebbero eseguito la medesima azione al rallentatore; si era gi\u00e0 persa il gol dal vivo, non aveva alcuna intenzione di perdersi anche l\u2019avvincente recita del replay.<\/h3>\n<p>&nbsp;<\/p>\n<h2>L\u2019immagine su questo blog \u00e8 di Deborah Joy Bormann <a href=\"https:\/\/www.instagram.com\/deborahjoybormann\/?hl=en\" target=\"_blank\" rel=\"noopener noreferrer\">@deborahjoybormann<\/a>.<\/h2>\n<h4>Deborah nasce a Trieste, citt\u00e0 di confine, da padre statunitense e madre spagnola. Vive a Bologna, Pisa, Amsterdam, Madrid, San Francisco. Una serie di coincidenze e passioni la porta a Torino, oramai citt\u00e0 d\u2019adozione.<br \/>\nSpirito indipendente, visionario e\u2026 disperatamente ottimista.<br \/>\nMadre, compagna, insegnante, arteterapeuta e artista.<br \/>\nDa sempre adora leggere, scrivere, pensare e creare.<\/h4>\n<h5>Le idee espresse da Andrea nei suoi articoli non rappresentano necessariamente le opinioni e le convinzioni di Deborah.<\/h5>\n<p>&nbsp;<\/p>\n","protected":false},"excerpt":{"rendered":"<p><p>Quando ero ancora un ragazzino, rimasi affascinato dalla pubblicit\u00e0 del rasoio doppia lama. C\u2019era l\u2019animazione al rallentatore con la prima lama che tagliava il pelo, poi lo estendeva alla sua massima elasticit\u00e0 per permettere alla seconda lama di falciarlo addirittura fin sotto la cute. Quello spot pubblicitario esercit\u00f2 anche sugli imberbi come me l\u2019irresistibile fascino della moviola. Il 22 Novembre 1963, l\u2019omicidio del presidente Kennedy fu il primo evento drammatico di portata planetaria ripreso per caso da una cinepresa. Quella sera, nelle televisioni americane sarebbe dovuto andare in onda il primo instant replay della storia, ma in seguito all\u2019attentato, la [&hellip;]<\/p>\n&nbsp;&nbsp;<div class=\"readmore\"><a href=\"https:\/\/blog.ilgiornale.it\/pogliano\/2021\/11\/21\/i-calciatori-come-mimi-recitano-il-replay\/\">Continua a leggere...<\/a><\/div><\/p>","protected":false},"author":1120,"featured_media":0,"comment_status":"open","ping_status":"open","sticky":false,"template":"","format":"standard","meta":[],"categories":[16277],"tags":[427295,427634,438790,440026,439158,439557,439809],"_links":{"self":[{"href":"https:\/\/blog.ilgiornale.it\/pogliano\/wp-json\/wp\/v2\/posts\/465"}],"collection":[{"href":"https:\/\/blog.ilgiornale.it\/pogliano\/wp-json\/wp\/v2\/posts"}],"about":[{"href":"https:\/\/blog.ilgiornale.it\/pogliano\/wp-json\/wp\/v2\/types\/post"}],"author":[{"embeddable":true,"href":"https:\/\/blog.ilgiornale.it\/pogliano\/wp-json\/wp\/v2\/users\/1120"}],"replies":[{"embeddable":true,"href":"https:\/\/blog.ilgiornale.it\/pogliano\/wp-json\/wp\/v2\/comments?post=465"}],"version-history":[{"count":5,"href":"https:\/\/blog.ilgiornale.it\/pogliano\/wp-json\/wp\/v2\/posts\/465\/revisions"}],"predecessor-version":[{"id":471,"href":"https:\/\/blog.ilgiornale.it\/pogliano\/wp-json\/wp\/v2\/posts\/465\/revisions\/471"}],"wp:attachment":[{"href":"https:\/\/blog.ilgiornale.it\/pogliano\/wp-json\/wp\/v2\/media?parent=465"}],"wp:term":[{"taxonomy":"category","embeddable":true,"href":"https:\/\/blog.ilgiornale.it\/pogliano\/wp-json\/wp\/v2\/categories?post=465"},{"taxonomy":"post_tag","embeddable":true,"href":"https:\/\/blog.ilgiornale.it\/pogliano\/wp-json\/wp\/v2\/tags?post=465"}],"curies":[{"name":"wp","href":"https:\/\/api.w.org\/{rel}","templated":true}]}}