{"id":1425,"date":"2014-06-15T20:44:55","date_gmt":"2014-06-15T18:44:55","guid":{"rendered":"https:\/\/blog.ilgiornale.it\/porro\/?p=1425"},"modified":"2014-06-15T20:44:55","modified_gmt":"2014-06-15T18:44:55","slug":"di-nuovo-visco-si-salvi-chi-puo","status":"publish","type":"post","link":"https:\/\/blog.ilgiornale.it\/porro\/2014\/06\/15\/di-nuovo-visco-si-salvi-chi-puo\/","title":{"rendered":"Di nuovo Visco, si salvi chi pu\u00f2"},"content":{"rendered":"<p><a href=\"https:\/\/blog.ilgiornale.it\/porro\/files\/2014\/06\/visco-1-240x300.jpg\"><img loading=\"lazy\" src=\"https:\/\/blog.ilgiornale.it\/porro\/files\/2014\/06\/visco-1-240x300-150x150.jpg\" alt=\"\" width=\"150\" height=\"150\" class=\"alignleft size-thumbnail wp-image-1427\" \/><\/a>L&#8217;abitudine \u00e8 un potente isolante. Soprattutto in materia fiscale. Ma per quanto potente prima o poi rischia di cedere. Ci sono tutte le premesse che ci\u00f2 avvenga grazie al governo Renzi. Basta vedere chi comanda al ministero dell\u2019Economia per capire che nei prossimi mesi saranno dolori. Chi \u00e8 che dice \u00able tasse devono essere sinonimo di solidariet\u00e0 ed eguaglianza\u00bb? Attribuendo al fisco non solo un ruolo di tutela dei pi\u00f9 deboli, ma una finalit\u00e0 politica di redistribuzione egualitaria? La nuova capa dell\u2019Agenzia delle entrate, <strong>Rossella Orlandi<\/strong> (molto apprezzata dal Sole24ore, molto meno dai grandi contribuenti azionisti del foglio giallo che l\u2019hanno incrociata). Che dovrebbe essere una tecnica e non una politica. Chi \u00e8 che ha sostenuto con forza che sia stato un bene l\u2019introduzione dell\u2019Imu da parte del governo Monti \u00abper spostare il carico fiscale sui consumi e sul patrimonio\u00bb? L\u2019attuale consigliere per la fiscalit\u00e0 del ministro Padoan, <strong>Vieri Ceriani<\/strong>. Chi ha, di fatto, inventato l\u2019Irap, e solo recentemente in un convegno alla Luiss l\u2019ha difesa (\u00abal netto del populismo\u00bb) sostenendo che \u00e8 un\u2019imposta innovativa addirittura studiata all\u2019estero? L\u2019attuale presidente della commissione tecnica per la riforma tributaria, <strong>Franco Gallo<\/strong>.<br \/>\nOrlandi, Gallo e Vieri Ceriani hanno in comune un nome e un cognome: <strong>Vincenzo Visco<\/strong>. Il vero dominus del fisco italiano. Per il gruppetto \u00abnel campo fiscale \u00e8 il \u201cpubblico\u201d a dover prevalere sul \u201cprivato\u201d\u00bb (le \u00abRagioni del Fisco\u00bb, Franco Gallo).<br \/>\nIl contribuente \u00e8 un numero, il codice fiscale. La norma e lo Stato sono il maestro, il dominus. <strong>L\u2019impostazione culturale di questi signori \u00e8 ci\u00f2 di pi\u00f9 lontano da quanto Renzi a parole va dicendo. La burocrazia \u00e8 il loro esercito, le norme la loro arma. Il fine \u00e8 politico. <\/strong>\u00c8 del tutto evidente (lo prevede la Costituzione) che attraverso la progressivit\u00e0 dell\u2019imposta si colpisca maggiormente il riccone (Renzi copyright). Ma da ci\u00f2 sentirsi dire da una dirigente pubblica che l\u2019obiettivo delle tasse \u00e8 l\u2019uguaglianza ce ne passa.<br \/>\nIl ministero dell\u2019Economia \u00e8 il peggior nemico del contribuente italiano. Se il presidente del Consiglio non capisce in fretta che la sinistra si deve liberare dall\u2019eredit\u00e0 di Visco in materia fiscale, a poco servir\u00e0 il suo look accattivante e le uscite alla New Labour. Su queste materie i contribuenti italiani capiscono in fretta.<\/p>\n","protected":false},"excerpt":{"rendered":"<p><p>L&#8217;abitudine \u00e8 un potente isolante. Soprattutto in materia fiscale. Ma per quanto potente prima o poi rischia di cedere. Ci sono tutte le premesse che ci\u00f2 avvenga grazie al governo Renzi. Basta vedere chi comanda al ministero dell\u2019Economia per capire che nei prossimi mesi saranno dolori. Chi \u00e8 che dice \u00able tasse devono essere sinonimo di solidariet\u00e0 ed eguaglianza\u00bb? Attribuendo al fisco non solo un ruolo di tutela dei pi\u00f9 deboli, ma una finalit\u00e0 politica di redistribuzione egualitaria? La nuova capa dell\u2019Agenzia delle entrate, Rossella Orlandi (molto apprezzata dal Sole24ore, molto meno dai grandi contribuenti azionisti del foglio giallo che [&hellip;]<\/p>\n&nbsp;&nbsp;<div class=\"readmore\"><a href=\"https:\/\/blog.ilgiornale.it\/porro\/2014\/06\/15\/di-nuovo-visco-si-salvi-chi-puo\/\">Continua a leggere...<\/a><\/div><\/p>","protected":false},"author":11,"featured_media":0,"comment_status":"open","ping_status":"closed","sticky":false,"template":"","format":"standard","meta":[],"categories":[39706],"tags":[50137,9194,9550,50136,39688,50138,50135],"_links":{"self":[{"href":"https:\/\/blog.ilgiornale.it\/porro\/wp-json\/wp\/v2\/posts\/1425"}],"collection":[{"href":"https:\/\/blog.ilgiornale.it\/porro\/wp-json\/wp\/v2\/posts"}],"about":[{"href":"https:\/\/blog.ilgiornale.it\/porro\/wp-json\/wp\/v2\/types\/post"}],"author":[{"embeddable":true,"href":"https:\/\/blog.ilgiornale.it\/porro\/wp-json\/wp\/v2\/users\/11"}],"replies":[{"embeddable":true,"href":"https:\/\/blog.ilgiornale.it\/porro\/wp-json\/wp\/v2\/comments?post=1425"}],"version-history":[{"count":3,"href":"https:\/\/blog.ilgiornale.it\/porro\/wp-json\/wp\/v2\/posts\/1425\/revisions"}],"predecessor-version":[{"id":1429,"href":"https:\/\/blog.ilgiornale.it\/porro\/wp-json\/wp\/v2\/posts\/1425\/revisions\/1429"}],"wp:attachment":[{"href":"https:\/\/blog.ilgiornale.it\/porro\/wp-json\/wp\/v2\/media?parent=1425"}],"wp:term":[{"taxonomy":"category","embeddable":true,"href":"https:\/\/blog.ilgiornale.it\/porro\/wp-json\/wp\/v2\/categories?post=1425"},{"taxonomy":"post_tag","embeddable":true,"href":"https:\/\/blog.ilgiornale.it\/porro\/wp-json\/wp\/v2\/tags?post=1425"}],"curies":[{"name":"wp","href":"https:\/\/api.w.org\/{rel}","templated":true}]}}