{"id":1450,"date":"2014-06-28T18:17:00","date_gmt":"2014-06-28T16:17:00","guid":{"rendered":"https:\/\/blog.ilgiornale.it\/porro\/?p=1450"},"modified":"2014-06-28T18:17:00","modified_gmt":"2014-06-28T16:17:00","slug":"le-mancette-giovanili-di-lettaco","status":"publish","type":"post","link":"https:\/\/blog.ilgiornale.it\/porro\/2014\/06\/28\/le-mancette-giovanili-di-lettaco\/","title":{"rendered":"Le mancette giovanili di Letta&amp;Co"},"content":{"rendered":"<p><a href=\"https:\/\/blog.ilgiornale.it\/porro\/files\/2014\/06\/letta-e-alfano.jpg\"><img loading=\"lazy\" src=\"https:\/\/blog.ilgiornale.it\/porro\/files\/2014\/06\/letta-e-alfano-150x150.jpg\" alt=\"\" width=\"150\" height=\"150\" class=\"alignleft size-thumbnail wp-image-1462\" \/><\/a>Il 25 giugno del 2013 l&#8217;allora vicepremier Angelino Alfano bruci\u00f2 tutti, come \u00e8 suo sfortunato costume, dicendo: <em>&#8220;altri due gol del governo su tasse e lavoro&#8221;<\/em>. Si riferiva al decreto legge appena approvato dal governo Letta che prevedeva il rinvio dell&#8217;aumento Iva (che verr\u00e0 invece realizzato dopo pochi mesi) e il bouns contributivo per le aziende che avessero assunto a tempo indeterminato gli under 29 anni. Con il senno di poi abbiamo scoperto che quel <em>&#8220;ponte per la ripresa&#8221;<\/em> come l&#8217;aveva definito l&#8217;allora ministro dell&#8217;economia Saccomanni non ci ha impedito di vedere il Pil sprofondare. <strong>E riguardo al bonus giovanile oggi abbiamo saputo che in un anno sono state fatte assunzioni per 22mila giovanotti e per una spesa masima di 160 milioni (contro gli 800 preventivati)<\/strong>. Un flop gigantesco. Sempre in quei giorni Enrico Letta, premier visionario, ci aveva avvertito: <em>&lt;raggiungeremo grazie al bonus giovani 200mila nuovi assunti, con un&#039;intensit\u00e0 maggiore al centro sud. Puntiamo a dare un colpo duro alla piaga della disoccupazione giovanile. Saremo un esempio per l&#039;Europa<\/em>&gt;. Figurasi dopo un anno solo il 10 per cento di quanto atteso si \u00e8 rivelato vero. Tutte palle.<br \/>\nChe fossimo in presenza di una manovra assurda e inutile era facile intuirlo. Una traccia ce la forniva la dichiarazione a caldo (ma meno a caldo di Alfano, si intende) del segretario della Cgil, Camusso: <em>&#8220;\u00e9 positivo che gli incentivi si rivolgano solo ad assunzioni a tempo indeterminato&#8221;<\/em>.<br \/>\nEcco appunto. Il bonus prevedeva che le imprese che assumessero giovani disoccupati da almeno sei mesi e senza laurea potessero avere uno sgravio contributivo della durata massima di 18 mesi per un importo massimo di 12mila euro. Inoltre l&#8217;assunzione doveva essere incrementale e non semplice sostituzione di un dipendente che usciva. Tutti ad applaudire.<br \/>\nMa sono proprio queste politiche fiscali che dismostrano come i nostri politici non comprendano a pieno la realt\u00e0 delle nostre imprese. Il problema non \u00e8 assumere, ma fatturare. Il cuneo fiscale per carit\u00e0 \u00e8 un macigno. Ma se il mercato non c&#8217;\u00e8, potete darmi anche cento persone gratis che non so cosa farmene. O meglio le politiche fiscali debbono essere generalizzate e non specifiche, devono essere di lungo periodo e non spot. Bene defiscalizzare, ma tutti e per sempre. Dopo 18 mesi, allo scadere del bonus contributivo, cosa faccio? Val la pena aumentare il mio organico per sempre (il famoso tempo indeterminato) sulla base di uno sconto a tempo? Quanto mi costa? E come reagisco ad un eventuale calo del mercato?<br \/>\n<strong>Le politiche fiscali settoriali sono affascinanti e hanno il vantaggio di individuare una categoria bene identificata di beneficiari che ci possono essere grati. ma servono a poco. <\/strong>. Il bonus si \u00e8 cos\u00ec rivelato per un banale, e dal punto di vista macro inutile, regalo alle imprese sane. Che hanno assunto coloro che gi\u00e0 prevedevano. Con uno sconto fiscale che ha fatto ovviamente comodo.<br \/>\nMa un politico sa cosa vuol dire assumere a tempo indeterminiato un dipendente? O meglio sa che a pagarlo non sono i contribuenti, come nel caso dei loro assistenti, ma i margini che si conquistano sul mercato?<br \/>\nIl bonus fiscale per i giovani si \u00e8 rivelato una bufula. Un anno fa tutti a celebrarlo. <\/p>\n","protected":false},"excerpt":{"rendered":"<p><p>Il 25 giugno del 2013 l&#8217;allora vicepremier Angelino Alfano bruci\u00f2 tutti, come \u00e8 suo sfortunato costume, dicendo: &#8220;altri due gol del governo su tasse e lavoro&#8221;. Si riferiva al decreto legge appena approvato dal governo Letta che prevedeva il rinvio dell&#8217;aumento Iva (che verr\u00e0 invece realizzato dopo pochi mesi) e il bouns contributivo per le aziende che avessero assunto a tempo indeterminato gli under 29 anni. Con il senno di poi abbiamo scoperto che quel &#8220;ponte per la ripresa&#8221; come l&#8217;aveva definito l&#8217;allora ministro dell&#8217;economia Saccomanni non ci ha impedito di vedere il Pil sprofondare. E riguardo al bonus giovanile [&hellip;]<\/p>\n&nbsp;&nbsp;<div class=\"readmore\"><a href=\"https:\/\/blog.ilgiornale.it\/porro\/2014\/06\/28\/le-mancette-giovanili-di-lettaco\/\">Continua a leggere...<\/a><\/div><\/p>","protected":false},"author":11,"featured_media":0,"comment_status":"open","ping_status":"closed","sticky":false,"template":"","format":"standard","meta":[],"categories":[29062],"tags":[50150,5706,50151,9171,38406],"_links":{"self":[{"href":"https:\/\/blog.ilgiornale.it\/porro\/wp-json\/wp\/v2\/posts\/1450"}],"collection":[{"href":"https:\/\/blog.ilgiornale.it\/porro\/wp-json\/wp\/v2\/posts"}],"about":[{"href":"https:\/\/blog.ilgiornale.it\/porro\/wp-json\/wp\/v2\/types\/post"}],"author":[{"embeddable":true,"href":"https:\/\/blog.ilgiornale.it\/porro\/wp-json\/wp\/v2\/users\/11"}],"replies":[{"embeddable":true,"href":"https:\/\/blog.ilgiornale.it\/porro\/wp-json\/wp\/v2\/comments?post=1450"}],"version-history":[{"count":15,"href":"https:\/\/blog.ilgiornale.it\/porro\/wp-json\/wp\/v2\/posts\/1450\/revisions"}],"predecessor-version":[{"id":1466,"href":"https:\/\/blog.ilgiornale.it\/porro\/wp-json\/wp\/v2\/posts\/1450\/revisions\/1466"}],"wp:attachment":[{"href":"https:\/\/blog.ilgiornale.it\/porro\/wp-json\/wp\/v2\/media?parent=1450"}],"wp:term":[{"taxonomy":"category","embeddable":true,"href":"https:\/\/blog.ilgiornale.it\/porro\/wp-json\/wp\/v2\/categories?post=1450"},{"taxonomy":"post_tag","embeddable":true,"href":"https:\/\/blog.ilgiornale.it\/porro\/wp-json\/wp\/v2\/tags?post=1450"}],"curies":[{"name":"wp","href":"https:\/\/api.w.org\/{rel}","templated":true}]}}