{"id":1602,"date":"2014-09-01T11:19:57","date_gmt":"2014-09-01T09:19:57","guid":{"rendered":"https:\/\/blog.ilgiornale.it\/porro\/?p=1602"},"modified":"2014-09-01T11:20:27","modified_gmt":"2014-09-01T09:20:27","slug":"si-fa-presto-a-dire-carretto-di-gelati","status":"publish","type":"post","link":"https:\/\/blog.ilgiornale.it\/porro\/2014\/09\/01\/si-fa-presto-a-dire-carretto-di-gelati\/","title":{"rendered":"Si fa presto a dire carretto di gelati"},"content":{"rendered":"<p><a href=\"https:\/\/blog.ilgiornale.it\/porro\/files\/2014\/09\/image.jpg\"><img loading=\"lazy\" src=\"https:\/\/blog.ilgiornale.it\/porro\/files\/2014\/09\/image-150x150.jpg\" alt=\"\" width=\"150\" height=\"150\" class=\"alignleft size-thumbnail wp-image-1604\" \/><\/a><strong>Ho ricevuto questa mattina da Paolo questa mail: \u00e9 stupenda.<br \/>\nRiguarda il carretto dei gelati di Renzi e il perch\u00e9 l&#8217;italia \u00e9 destinata ad un continuo declino, se continuiamo cos\u00ec.<\/strong><\/p>\n<p>Leggete. E un grazie a Paolo.<\/p>\n<p>Eh, si fa presto a dire &#8220;carretto dei gelati&#8221;. Ma siamo in Italia, a Roma, e Renzi \u00e8 il capo del governo di un paese che richiede a quel carretto giusto qualche strumentazione obbligatoria, qualche piccolo e banale adempimento burocratico. Visto che con quel carretto sicuramente viene esercitato un commercio in forma itinerante di prodotti alimentari, e visto che non ha venduto a Renzi solo il gelato, ma ha anche gestito il servizio di somministrazione (\u00e8 stato uno del personale della gelateria, con tanto di cappellino con logo, a preparare il cono), ecco una lista, minimale, di adempimenti richiesti.<br \/>\nmisuratore fiscale, il cosiddetto registratore di cassa (Legge 18\/1983)<br \/>\ndispositivo POS per le transazioni con bancomat (art. 15, comma 4, DL 179\/2012)<br \/>\nregistro corrispettivi (art. 24 DPR 633\/72)<br \/>\nregistro sostitutivo, in caso di guasto al misuratore fiscale (art. 11 DM 23\/03\/1983)<br \/>\nlibretto fiscale misuratore fiscale (art. 2, comma 2, DM 23\/03\/1983)<br \/>\nautorizzazione amministrativa per la vendita e somministrazione di prodotti artigianali (artt. 39 e 43 LR Lazio 33\/1999)<br \/>\nlibro unico del lavoro (art. 39 e 40 DL 112\/08)<br \/>\nlistino prezzi (art. 180 RD 635\/1940)<br \/>\nelenco ingredienti degli alimenti venduti (art. 16, commi 3, 4 e 5, del DLgs 109\/1992)<br \/>\ntermometro per la verifica della temperatura di conservazione degli alimenti, acqua corrente, materiale di pulizia e scarico acque grigie, e la documentazione del piano HACCP per la sicurezza alimentare (DGR Lazio 282\/2002)<br \/>\nattestato del superamento del corso di formazione sanitaria per gli addetti alla manipolazione delle sostanze alimentari (DGR Lazio 282\/2002)<br \/>\ndocumento di valutazione dei rischi per la sicurezza in azienda (DLgs 81\/2008)<br \/>\ndocumentazione relativa al possesso dei requisiti professionali per gli addetti al settore alimentare (art. 71, comma 6, DLgs 59\/2010)<br \/>\nimposta comunale pubblicit\u00e0: il carretto ha il logo dell&#8217;azienda sulle pareti, anche se sono state coperte durante la sosta a Palazzo Chigi (DLgs 507\/1993)<br \/>\ncanone occupazione aree pubbliche (DLgs 446\/1997)<br \/>\ncanone RAI speciale, se il monitor che \u00e8 presente sul carretto \u00e8 anche solo potenzialmente in grado di ricevere trasmissioni radiotelevisive (art 2 DLgs Lt 458\/1944)<br \/>\ncampanello sul manubrio, luci e catadiottri rossi; queste ultimi dispositivi solo se il carretto circola o sosta fuori dal centro urbano, o nelle ore notturne, in luoghi pubblici (art. 68 DLgs 286\/1992)<br \/>\ngiubba bianca chiusa, o grembiule bianco, che devono essere indossati dall&#8217;addetto alla somministrazione (art. 157 Regolamento Igiene del Comune di Roma)<br \/>\nTutto questo per il solo carretto dei gelati; e probabilmente mi sono dimenticato qualcosa. Poi c&#8217;\u00e8 tutto quello che serve per il laboratorio di produzione, e per il punto vendita fisso: come minimo due o tre volte il numero di adempimenti elencato; e oltretutto con una miriade di uffici con cui confrontarsi, dall&#8217;Agenzia delle Entrate alla ASL, dall&#8217;INPS all&#8217;Ispettorato del Lavoro alla Regione, dal Dipartimento Risorse economiche al Dipartimento Attivit\u00e0 produttive del Comune. Dopo qualcuno si chiede se 1000 euro sono un prezzo giusto per quei gelati (ma detratte iva e imposte sul reddito, restano probabilmente meno di 450 euro, con i quali pagare tutto il resto, dal latte per il gelato alle marche da bollo sul giornale contabile). Dopo qualcuno si chiede<br \/>\nperch\u00e8 l&#8217;Italia da decenni non cresce. Per\u00f2 quella importante gelateria, l&#8217;altr&#8217;anno, vendeva il proprio prodotto a 24 euro al kg: forse 1000 euro sono un po&#8217; tanti, per un po&#8217; di coni con due gusti offerti ai giornalisti che hanno piantato le tende a Palazzo Chigi&#8230; o i tuoi colleghi sono davvero cos\u00ec affamati?<\/p>\n","protected":false},"excerpt":{"rendered":"<p><p>Ho ricevuto questa mattina da Paolo questa mail: \u00e9 stupenda. Riguarda il carretto dei gelati di Renzi e il perch\u00e9 l&#8217;italia \u00e9 destinata ad un continuo declino, se continuiamo cos\u00ec. Leggete. E un grazie a Paolo. Eh, si fa presto a dire &#8220;carretto dei gelati&#8221;. Ma siamo in Italia, a Roma, e Renzi \u00e8 il capo del governo di un paese che richiede a quel carretto giusto qualche strumentazione obbligatoria, qualche piccolo e banale adempimento burocratico. Visto che con quel carretto sicuramente viene esercitato un commercio in forma itinerante di prodotti alimentari, e visto che non ha venduto a Renzi [&hellip;]<\/p>\n&nbsp;&nbsp;<div class=\"readmore\"><a href=\"https:\/\/blog.ilgiornale.it\/porro\/2014\/09\/01\/si-fa-presto-a-dire-carretto-di-gelati\/\">Continua a leggere...<\/a><\/div><\/p>","protected":false},"author":11,"featured_media":0,"comment_status":"open","ping_status":"closed","sticky":false,"template":"","format":"standard","meta":[],"categories":[30,39706],"tags":[7188,23447,55765],"_links":{"self":[{"href":"https:\/\/blog.ilgiornale.it\/porro\/wp-json\/wp\/v2\/posts\/1602"}],"collection":[{"href":"https:\/\/blog.ilgiornale.it\/porro\/wp-json\/wp\/v2\/posts"}],"about":[{"href":"https:\/\/blog.ilgiornale.it\/porro\/wp-json\/wp\/v2\/types\/post"}],"author":[{"embeddable":true,"href":"https:\/\/blog.ilgiornale.it\/porro\/wp-json\/wp\/v2\/users\/11"}],"replies":[{"embeddable":true,"href":"https:\/\/blog.ilgiornale.it\/porro\/wp-json\/wp\/v2\/comments?post=1602"}],"version-history":[{"count":7,"href":"https:\/\/blog.ilgiornale.it\/porro\/wp-json\/wp\/v2\/posts\/1602\/revisions"}],"predecessor-version":[{"id":1610,"href":"https:\/\/blog.ilgiornale.it\/porro\/wp-json\/wp\/v2\/posts\/1602\/revisions\/1610"}],"wp:attachment":[{"href":"https:\/\/blog.ilgiornale.it\/porro\/wp-json\/wp\/v2\/media?parent=1602"}],"wp:term":[{"taxonomy":"category","embeddable":true,"href":"https:\/\/blog.ilgiornale.it\/porro\/wp-json\/wp\/v2\/categories?post=1602"},{"taxonomy":"post_tag","embeddable":true,"href":"https:\/\/blog.ilgiornale.it\/porro\/wp-json\/wp\/v2\/tags?post=1602"}],"curies":[{"name":"wp","href":"https:\/\/api.w.org\/{rel}","templated":true}]}}