{"id":1744,"date":"2015-03-16T08:43:01","date_gmt":"2015-03-16T07:43:01","guid":{"rendered":"https:\/\/blog.ilgiornale.it\/porro\/?p=1744"},"modified":"2015-03-16T08:43:01","modified_gmt":"2015-03-16T07:43:01","slug":"lambiente-sempre-contro-le-imprese3","status":"publish","type":"post","link":"https:\/\/blog.ilgiornale.it\/porro\/2015\/03\/16\/lambiente-sempre-contro-le-imprese3\/","title":{"rendered":"L&#8217;Ambiente sempre contro le imprese\\3"},"content":{"rendered":"<p><a href=\"https:\/\/blog.ilgiornale.it\/porro\/files\/2015\/03\/Gianluca-Galletti-700x466.jpg\"><img loading=\"lazy\" src=\"https:\/\/blog.ilgiornale.it\/porro\/files\/2015\/03\/Gianluca-Galletti-700x466-150x150.jpg\" alt=\"Palazzo Chigi - Giuramento dei sottosegretari di Stato\" width=\"150\" height=\"150\" class=\"alignleft size-thumbnail wp-image-1757\" \/><\/a>Quando si vede come funziona lo Stato e soprattutto come ci tratta, viene da chiedersi come sia possibile che ancora si produca Pil in Italia. Vi facciamo qualche esempio molto, ma molto concreto.<\/p>\n<p><em>Ecco la terza ed ultima puntata della nostra miniserie degli orrori<\/em><\/p>\n<p>Il ministero dell\u2019ambiente non sbaglia un colpo per dare un colpo alle nostre imprese e continua nella sua opera di bonifica imprenditoriale. L\u2019obiettivo \u00e9 ottenere un paese non pi\u00fa inquinato da imprenditori e artigiani.  Quanta speranza che questo ministro potesse opporsi: evidentemente contro la struttura e l\u2019ideologia non ce la fa neanche mandrake.  La storia \u00e9 la solita: abbiamo recepito un regolamento europeo di dieci anni fa e lo abbiamo reso pi\u00f9 duro. Parliamo ora dei cosiddetti gas serra che verrebbero dispersi dalle pompe di calore presenti nelle case di tutti gli italiani (dai frigoriferi ai condizionatori anche per auto). La confartigianato parla di \u201cmostro burocratico inutilmente costoso per i nostri 150mila istallatori\u201d. Ve la facciamo breve. Questi pericolosi inquinatori per poter lavorare devono iscriversi all\u2019apposito registro nazionale dei gas fluorurarti. Poi devono ottenere un certificato che li abiliti. Per ottenerlo si deve per\u00f3 partecipare ad un incredibile Piano di qualit\u00e1 (unicun in Europa). Quest\u2019ultimo bisogna per di pi\u00f9 rinnovarlo ogni anno. Ma non \u00e9 finita. Gli istallatori devono presentare ogni anno a sua maest\u00e0 il ministero dell\u2019ambiente una dichiarazione con informazioni sulle emissioni in atmosfera dei gas dell\u2019anno precedente. E infine, aggiungiamo noi, gli istallatori devono essere biondi, scendere dal letto con il piede sinistro, e fumare Ms. La morale \u00e8 che i circa tremila euro per le abilitazioni e i 500 annuali secondo voi chi li pagher\u00e0? Gli utenti finali. Insomma una tassa sulla pompa di calore.<\/p>\n","protected":false},"excerpt":{"rendered":"<p><p>Quando si vede come funziona lo Stato e soprattutto come ci tratta, viene da chiedersi come sia possibile che ancora si produca Pil in Italia. Vi facciamo qualche esempio molto, ma molto concreto. Ecco la terza ed ultima puntata della nostra miniserie degli orrori Il ministero dell\u2019ambiente non sbaglia un colpo per dare un colpo alle nostre imprese e continua nella sua opera di bonifica imprenditoriale. L\u2019obiettivo \u00e9 ottenere un paese non pi\u00fa inquinato da imprenditori e artigiani. Quanta speranza che questo ministro potesse opporsi: evidentemente contro la struttura e l\u2019ideologia non ce la fa neanche mandrake. La storia \u00e9 [&hellip;]<\/p>\n&nbsp;&nbsp;<div class=\"readmore\"><a href=\"https:\/\/blog.ilgiornale.it\/porro\/2015\/03\/16\/lambiente-sempre-contro-le-imprese3\/\">Continua a leggere...<\/a><\/div><\/p>","protected":false},"author":11,"featured_media":0,"comment_status":"open","ping_status":"closed","sticky":false,"template":"","format":"standard","meta":[],"categories":[30],"tags":[],"_links":{"self":[{"href":"https:\/\/blog.ilgiornale.it\/porro\/wp-json\/wp\/v2\/posts\/1744"}],"collection":[{"href":"https:\/\/blog.ilgiornale.it\/porro\/wp-json\/wp\/v2\/posts"}],"about":[{"href":"https:\/\/blog.ilgiornale.it\/porro\/wp-json\/wp\/v2\/types\/post"}],"author":[{"embeddable":true,"href":"https:\/\/blog.ilgiornale.it\/porro\/wp-json\/wp\/v2\/users\/11"}],"replies":[{"embeddable":true,"href":"https:\/\/blog.ilgiornale.it\/porro\/wp-json\/wp\/v2\/comments?post=1744"}],"version-history":[{"count":3,"href":"https:\/\/blog.ilgiornale.it\/porro\/wp-json\/wp\/v2\/posts\/1744\/revisions"}],"predecessor-version":[{"id":1758,"href":"https:\/\/blog.ilgiornale.it\/porro\/wp-json\/wp\/v2\/posts\/1744\/revisions\/1758"}],"wp:attachment":[{"href":"https:\/\/blog.ilgiornale.it\/porro\/wp-json\/wp\/v2\/media?parent=1744"}],"wp:term":[{"taxonomy":"category","embeddable":true,"href":"https:\/\/blog.ilgiornale.it\/porro\/wp-json\/wp\/v2\/categories?post=1744"},{"taxonomy":"post_tag","embeddable":true,"href":"https:\/\/blog.ilgiornale.it\/porro\/wp-json\/wp\/v2\/tags?post=1744"}],"curies":[{"name":"wp","href":"https:\/\/api.w.org\/{rel}","templated":true}]}}