{"id":1838,"date":"2015-06-16T12:28:28","date_gmt":"2015-06-16T10:28:28","guid":{"rendered":"https:\/\/blog.ilgiornale.it\/porro\/?p=1838"},"modified":"2015-06-16T12:28:28","modified_gmt":"2015-06-16T10:28:28","slug":"se-un-pm-mette-al-rogo-fiumicino","status":"publish","type":"post","link":"https:\/\/blog.ilgiornale.it\/porro\/2015\/06\/16\/se-un-pm-mette-al-rogo-fiumicino\/","title":{"rendered":"Se un Pm mette al rogo Fiumicino"},"content":{"rendered":"<p>Sapete che non siamo dei grandi amanti della gestione dell&#8217;aeroporto di Roma. <strong>Pensiamo che gli azionisti per troppi anni si siano occupato pi\u00fa del rinnovo dei contratti di servizio che al servizio vero e proprio.<\/strong> Ma questa storia del rogo che ne sta compromettendo il funzionamento \u00e9 una cosa da pazzi. La vicenda \u00e9 semplice e se fosse ancora vivo Kafka ne trarrebbe un racconto, ben piu attuale del suo Castello. La situazione \u00e9 che nelle prossime ore lo scalo dovr\u00e1 funzionare al suo 60 per cento, i disagi per i passeggeri (soprattutto in una societ\u00e1 che non ha un track record favoloso nella soddisfazione dei clienti) sono ingenti, le ripercussioni di immagine per Roma devastanti, le conseguenze per le compagnie aeree in particolare per Alitalia che ha appena chiuso un accordo internazinale gravose. Insomma stiamo bruciando pil e credibilit\u00e1.<br \/>\nTutto nasce in effetti proprio da un incendio, quello che divampa nella nottte tra il sei e il sette maggio scorso. Sono cose che non dovrebbero succedere, ma talvolta succedono. A Roma poi quando si appicca un incendio c&#8217;\u00e9 una certa tradizione nelle devastazioni che esso comporta. In questo caso superano le pi\u00fa nere previsioni. Dopo nove giorni i tecnici di Adr (cosi si chiama la societ\u00e1 che gestisce Fiumicino) permettono la ripresa dell&#8217;attivita al 100 per cento: d&#8217;altronde era passata pi\u00fa di una settimana in cui il traffico aveva iniziato gia a soffrire di brutto. Il fuoco era divampato all&#8217;altezza dell&#8217;area commerciale (per chi ha bazzicato da quelle parti, accanto al negozio della Ferrari) e a ridosso del molo D nel terminal 3, quello dal quale partono i voli per l&#8217;europa. Quel molo \u00e9 piuttosto importante: ad esso fanno riferimento la bellezza di 14 gate (le uscite per imbarcarsi sugli aeroplani) su un totale di 47 di<br \/>\nFiumicimo. Era chiaro che all&#8217;adr non volessero perdere tempo: bloccarne l&#8217;utilizzo equivale a tagliare una mano al corpaccione, gi\u00e1 non proprio in forma, di Fiumicino. Gli uomini di adr commissionano ionoltre un monitaraggio dell&#8217;aria nel terminal ad una societ\u00e1 indipendente, che sostiene che tutto sia nella norma. Il 17 maggio (dopo otto giorni dal fattaccio) il controllore pubblico (enac) convoca una riunione con mezzo mondo: forze dell&#8217;ordine, adr, i vettori e si decide con l&#8217;avallo di un dirigente della competente Asl (quella di Ostia) di riaprire tutto.<br \/>\nCome finiamo ad oggi? Cio\u00e9 a piu di un mese dal rogo. Con il sequestro del molo del terminal 3 e con il traffico passeggeri impazzito.<br \/>\nDopo nove giorni da quella famosa riunione cellebrata dall&#8217;enac, la Procura di Civitavecchia sequestra il molo D (che garantiva il 100% dell\u2019operativit\u00e0)  perch\u00e9 non ha ricevuto assicurazioni da parte delle autorit\u00e0 sanitarie sulla salubrit\u00e0 dell\u2019aria e quindi ritiene che non si sia fatto tutto il necessario per garantire la tutela della salute degli addetti. Nel farlo il procuratore Amendola ha comunque escluso che il provvedimento sia scaturito dalla presenza di diossina. Nel frattempo infatti sono circolate voci di tutti i tipi: \u00e9 spuntato l&#8217;amianto presente pi\u00fa in alcuni comunicati sidacali che nei tetti di Fiumicino, e tonnellate di diossina. Ma sono spuntati pi\u00fa sulla stampa che sulle ricerche dei tecnici. Tanto \u00e9 bastato per creare un famus insalubre e giudiziario per quel molo. E vai con il sequestro. \u00c9 iniziata da quel momento un attivit\u00e1 di rimpallo di responsabilit\u00e1 incredibile. <strong>A distanza di pi\u00f9 di un mese nessuna autorit\u00e0 sanitaria pubblica ha ancora fornito dati definitivi e certi sulla qualit\u00e0 dell\u2019aria e due sere fa, dopo una lunga riunione, il solito Enac ha certificato sulla base di analisi effettuate da centri specializzati tra i quali Cnr, Arpa e Asl di Viterbo (laboratorio di igiene industriale) oltre la Hsi consulting (il primo consulente della propriet\u00e1)che non vi sono particolari criticit\u00e0 per la salute.<\/strong><br \/>\nMa nulla si pu\u00f3 contro la decisione della Procura. La parola magica \u00e9: misura precauzionale. In mancanza di qualche funzionario pubblico che si assuma una personale responsabilit\u00e1, il terminal \u00e9 sotto sequestro. E chi aveva detto, il dirigente della Asl in quella famosa riunione di domenica 17 maggio, che si poteva riaprire, adesso sembra meno propenso a certificare la salubrit\u00e1 dei locali. Anche se pochi gionri fa, lo aveva in pratica fatto, come risulta da un verbale di quella riunione. E poi le certificazioni fatte dai privati, per l&#8217;autorit\u00e1 giudiziaria valgono evidentemente poco-nulla.<br \/>\nSignore e signori questa \u00e9 l&#8217;italia. <strong>Scoppia in incendio (male), ci si sbriga a togliere la cenere e i fumi (bene), gli enti certificano che \u00e9 tutto a posto, ma poi un&#8217;autorit\u00e1 burocatrica (poco importa che in questo caso sia un magistrato) manda tutto in fumo e in ragione di un favoloso principio precauzionale chiude tutto.<\/strong> Chi se la sente di far lavorare qualcuno in quell&#8217;area se ci fosse diossina? Chi si assume la responsabilit\u00e1? Poi tra qualche mese magari scopriamo che non c&#8217;era nulla di nulla. Quante imprese, invisibili, sono morte per le eccessive precauzioni che i nostri burocrati tutti i giorni mettono in essere. Tante precauzioni, tranne una: quella di far campare le imprese che in fondo pagano loro gli stipendi. S\u00ed certo questo \u00e9 un argomento poco elegante.<\/p>\n","protected":false},"excerpt":{"rendered":"<p><p>Sapete che non siamo dei grandi amanti della gestione dell&#8217;aeroporto di Roma. Pensiamo che gli azionisti per troppi anni si siano occupato pi\u00fa del rinnovo dei contratti di servizio che al servizio vero e proprio. Ma questa storia del rogo che ne sta compromettendo il funzionamento \u00e9 una cosa da pazzi. La vicenda \u00e9 semplice e se fosse ancora vivo Kafka ne trarrebbe un racconto, ben piu attuale del suo Castello. La situazione \u00e9 che nelle prossime ore lo scalo dovr\u00e1 funzionare al suo 60 per cento, i disagi per i passeggeri (soprattutto in una societ\u00e1 che non ha un [&hellip;]<\/p>\n&nbsp;&nbsp;<div class=\"readmore\"><a href=\"https:\/\/blog.ilgiornale.it\/porro\/2015\/06\/16\/se-un-pm-mette-al-rogo-fiumicino\/\">Continua a leggere...<\/a><\/div><\/p>","protected":false},"author":11,"featured_media":0,"comment_status":"open","ping_status":"closed","sticky":false,"template":"","format":"standard","meta":[],"categories":[30],"tags":[2635,17616,70310,49762,2632],"_links":{"self":[{"href":"https:\/\/blog.ilgiornale.it\/porro\/wp-json\/wp\/v2\/posts\/1838"}],"collection":[{"href":"https:\/\/blog.ilgiornale.it\/porro\/wp-json\/wp\/v2\/posts"}],"about":[{"href":"https:\/\/blog.ilgiornale.it\/porro\/wp-json\/wp\/v2\/types\/post"}],"author":[{"embeddable":true,"href":"https:\/\/blog.ilgiornale.it\/porro\/wp-json\/wp\/v2\/users\/11"}],"replies":[{"embeddable":true,"href":"https:\/\/blog.ilgiornale.it\/porro\/wp-json\/wp\/v2\/comments?post=1838"}],"version-history":[{"count":1,"href":"https:\/\/blog.ilgiornale.it\/porro\/wp-json\/wp\/v2\/posts\/1838\/revisions"}],"predecessor-version":[{"id":1839,"href":"https:\/\/blog.ilgiornale.it\/porro\/wp-json\/wp\/v2\/posts\/1838\/revisions\/1839"}],"wp:attachment":[{"href":"https:\/\/blog.ilgiornale.it\/porro\/wp-json\/wp\/v2\/media?parent=1838"}],"wp:term":[{"taxonomy":"category","embeddable":true,"href":"https:\/\/blog.ilgiornale.it\/porro\/wp-json\/wp\/v2\/categories?post=1838"},{"taxonomy":"post_tag","embeddable":true,"href":"https:\/\/blog.ilgiornale.it\/porro\/wp-json\/wp\/v2\/tags?post=1838"}],"curies":[{"name":"wp","href":"https:\/\/api.w.org\/{rel}","templated":true}]}}