{"id":246,"date":"2011-01-05T21:32:03","date_gmt":"2011-01-05T19:32:03","guid":{"rendered":"https:\/\/blog.ilgiornale.it\/porro\/?p=246"},"modified":"2011-01-06T19:46:27","modified_gmt":"2011-01-06T17:46:27","slug":"marchionnebossi","status":"publish","type":"post","link":"https:\/\/blog.ilgiornale.it\/porro\/2011\/01\/05\/marchionnebossi\/","title":{"rendered":"Marchionne&amp;Bossi"},"content":{"rendered":"<p>Il cuoco \u00e8 stato un p\u00f2 lontano dei fornelli perch\u00e8 purtroppo si dovr\u00e0 occupare un bel po&#8217; della cucina del Giornale. Mi autoscuso, dunque. <a href=\"https:\/\/www.ilgiornale.it\/interni\/marchionne_come_bossi_rivoluziona_prima_repubblica_imprese\/06-01-2011\/articolo-id=497922-page=0-comments=1\">Domani parler\u00f2 di Marchionne<\/a>. ma subito vorrei condividere con i commensali un piccolo assurdo paragone. Non vi sembra che Marchionne e Bossi si assomiglino? La mia tesi \u00e8 che entrambi nei rispettivi campi hanno rotto il giocattolino esistente. Bossi ha sradicato la prima repubblica (ahime con l&#8217;intervento dei giudici) e Marchionne ci ha tolto dalle balle la concertazione. Ma insomma davvero crediamo che un manager debba discutere i dettagli del suo piano industriale con i sindacati? E poi ci si chiede come mai la produttivit\u00e0 italiana non cresce.<\/p>\n","protected":false},"excerpt":{"rendered":"<p><p>Il cuoco \u00e8 stato un p\u00f2 lontano dei fornelli perch\u00e8 purtroppo si dovr\u00e0 occupare un bel po&#8217; della cucina del Giornale. Mi autoscuso, dunque. Domani parler\u00f2 di Marchionne. ma subito vorrei condividere con i commensali un piccolo assurdo paragone. Non vi sembra che Marchionne e Bossi si assomiglino? La mia tesi \u00e8 che entrambi nei rispettivi campi hanno rotto il giocattolino esistente. Bossi ha sradicato la prima repubblica (ahime con l&#8217;intervento dei giudici) e Marchionne ci ha tolto dalle balle la concertazione. Ma insomma davvero crediamo che un manager debba discutere i dettagli del suo piano industriale con i sindacati? [&hellip;]<\/p>\n&nbsp;&nbsp;<div class=\"readmore\"><a href=\"https:\/\/blog.ilgiornale.it\/porro\/2011\/01\/05\/marchionnebossi\/\">Continua a leggere...<\/a><\/div><\/p>","protected":false},"author":11,"featured_media":0,"comment_status":"open","ping_status":"closed","sticky":false,"template":"","format":"standard","meta":[],"categories":[23],"tags":[937,123,921,763,46],"_links":{"self":[{"href":"https:\/\/blog.ilgiornale.it\/porro\/wp-json\/wp\/v2\/posts\/246"}],"collection":[{"href":"https:\/\/blog.ilgiornale.it\/porro\/wp-json\/wp\/v2\/posts"}],"about":[{"href":"https:\/\/blog.ilgiornale.it\/porro\/wp-json\/wp\/v2\/types\/post"}],"author":[{"embeddable":true,"href":"https:\/\/blog.ilgiornale.it\/porro\/wp-json\/wp\/v2\/users\/11"}],"replies":[{"embeddable":true,"href":"https:\/\/blog.ilgiornale.it\/porro\/wp-json\/wp\/v2\/comments?post=246"}],"version-history":[{"count":3,"href":"https:\/\/blog.ilgiornale.it\/porro\/wp-json\/wp\/v2\/posts\/246\/revisions"}],"predecessor-version":[{"id":249,"href":"https:\/\/blog.ilgiornale.it\/porro\/wp-json\/wp\/v2\/posts\/246\/revisions\/249"}],"wp:attachment":[{"href":"https:\/\/blog.ilgiornale.it\/porro\/wp-json\/wp\/v2\/media?parent=246"}],"wp:term":[{"taxonomy":"category","embeddable":true,"href":"https:\/\/blog.ilgiornale.it\/porro\/wp-json\/wp\/v2\/categories?post=246"},{"taxonomy":"post_tag","embeddable":true,"href":"https:\/\/blog.ilgiornale.it\/porro\/wp-json\/wp\/v2\/tags?post=246"}],"curies":[{"name":"wp","href":"https:\/\/api.w.org\/{rel}","templated":true}]}}