{"id":300,"date":"2011-04-05T17:22:02","date_gmt":"2011-04-05T15:22:02","guid":{"rendered":"https:\/\/blog.ilgiornale.it\/porro\/?p=300"},"modified":"2011-04-08T17:31:40","modified_gmt":"2011-04-08T15:31:40","slug":"chi-sbaglia-paga-ma-va-la","status":"publish","type":"post","link":"https:\/\/blog.ilgiornale.it\/porro\/2011\/04\/05\/chi-sbaglia-paga-ma-va-la\/","title":{"rendered":"Chi sbaglia paga? Ma va l\u00e0"},"content":{"rendered":"<p>Se io sbaglio il direttore mi pu\u00f2 sanzionare: dopo tre cartelli gialli f\u00f6ra di ball (direbbe un cuoco un po&#8217; grossolano). Se un medico sbaglia, si becca una denuncia. Idem qualsiasi professionista.  Se un imprenditore sbaglia, gli smontano l&#8217;azienda. Et voil\u00e0. E se un pm sbaglia? Ops mi sono sbagliato, sempre che lo ammetta, e tutto finisce l\u00e0. Scusate cari commensali ma <a href=\"http:\/\/www.corriere.it\/cronache\/11_aprile_05\/ruby_telefonate_berlusconi_a1fe0ba6-5f44-11e0-a9b0-e35a83b9ad3b.shtml\">oggi sul Corsera<\/a> mi leggo le intercettazioni telefoniche del Cav. Lasciate perdere i contenuti (che per la verit\u00e0 secondo me sono un&#8217;arma a difesa pi\u00f9 che ad attacco del cav), ma resta il fatto che intercettare un parlamentare <strong>\u00e8 vietato<\/strong> dalla stessa legge che i magistrati dovrebbero far rispettare. Giusta o sbagliata che sia la legge, essa esiste e dice chiaramente che un membro del parlamento non pu\u00f2 essere intercettato senza autorizzazione parlamentare. Si dir\u00e0: intercettavano terzi indagati. E passiamo pure questa. Ma sempre la legge dice che l&#8217;utilizzo di quelle intercettazioni indirette deve essere autorizzata dalle Camere. (C&#8217;\u00e8 chi dice che addirittura quelle intercettazioni  indirette di on. non indagati dovrebbero essere subito cancellate, ma questo \u00e8 un altro discorso). Ebbene sul Corrierone trovo la sbobinatura delle intercettazioni del Cavaliere. Un reato non \u00e8 quello che dice il premier, ma che qualcuno le alleghi agli atti processuali come minimo \u00e8 una grave colpa disciplinare.<br \/>\nEcco qualcuno indaga sul fatto che il Cav abbia chiamato in Questura: perfetto. Ma secondo voi qualcuno indagher\u00e0 sul fatto che una manina ha messo quelle intercettazioni vietate in un atto processuale senza la necessaria autorizzazione? <\/p>\n","protected":false},"excerpt":{"rendered":"<p><p>Se io sbaglio il direttore mi pu\u00f2 sanzionare: dopo tre cartelli gialli f\u00f6ra di ball (direbbe un cuoco un po&#8217; grossolano). Se un medico sbaglia, si becca una denuncia. Idem qualsiasi professionista. Se un imprenditore sbaglia, gli smontano l&#8217;azienda. Et voil\u00e0. E se un pm sbaglia? Ops mi sono sbagliato, sempre che lo ammetta, e tutto finisce l\u00e0. Scusate cari commensali ma oggi sul Corsera mi leggo le intercettazioni telefoniche del Cav. Lasciate perdere i contenuti (che per la verit\u00e0 secondo me sono un&#8217;arma a difesa pi\u00f9 che ad attacco del cav), ma resta il fatto che intercettare un parlamentare [&hellip;]<\/p>\n&nbsp;&nbsp;<div class=\"readmore\"><a href=\"https:\/\/blog.ilgiornale.it\/porro\/2011\/04\/05\/chi-sbaglia-paga-ma-va-la\/\">Continua a leggere...<\/a><\/div><\/p>","protected":false},"author":11,"featured_media":0,"comment_status":"open","ping_status":"closed","sticky":false,"template":"","format":"standard","meta":[],"categories":[1],"tags":[112,944,938],"_links":{"self":[{"href":"https:\/\/blog.ilgiornale.it\/porro\/wp-json\/wp\/v2\/posts\/300"}],"collection":[{"href":"https:\/\/blog.ilgiornale.it\/porro\/wp-json\/wp\/v2\/posts"}],"about":[{"href":"https:\/\/blog.ilgiornale.it\/porro\/wp-json\/wp\/v2\/types\/post"}],"author":[{"embeddable":true,"href":"https:\/\/blog.ilgiornale.it\/porro\/wp-json\/wp\/v2\/users\/11"}],"replies":[{"embeddable":true,"href":"https:\/\/blog.ilgiornale.it\/porro\/wp-json\/wp\/v2\/comments?post=300"}],"version-history":[{"count":7,"href":"https:\/\/blog.ilgiornale.it\/porro\/wp-json\/wp\/v2\/posts\/300\/revisions"}],"predecessor-version":[{"id":308,"href":"https:\/\/blog.ilgiornale.it\/porro\/wp-json\/wp\/v2\/posts\/300\/revisions\/308"}],"wp:attachment":[{"href":"https:\/\/blog.ilgiornale.it\/porro\/wp-json\/wp\/v2\/media?parent=300"}],"wp:term":[{"taxonomy":"category","embeddable":true,"href":"https:\/\/blog.ilgiornale.it\/porro\/wp-json\/wp\/v2\/categories?post=300"},{"taxonomy":"post_tag","embeddable":true,"href":"https:\/\/blog.ilgiornale.it\/porro\/wp-json\/wp\/v2\/tags?post=300"}],"curies":[{"name":"wp","href":"https:\/\/api.w.org\/{rel}","templated":true}]}}