{"id":415,"date":"2011-09-01T19:31:15","date_gmt":"2011-09-01T17:31:15","guid":{"rendered":"https:\/\/blog.ilgiornale.it\/porro\/?p=415"},"modified":"2011-09-01T19:31:15","modified_gmt":"2011-09-01T17:31:15","slug":"la-rete-e-gli-insulti","status":"publish","type":"post","link":"https:\/\/blog.ilgiornale.it\/porro\/2011\/09\/01\/la-rete-e-gli-insulti\/","title":{"rendered":"La rete e gli insulti"},"content":{"rendered":"<p>Al cuoco \u00e8 stato chiesto da Yahoo di scrivere un pezzullo sull&#8217;Europa. Tema piuttosto generico. Ma che ho cercato di svolgere al meglio. I<a href=\"http:\/\/it.notizie.yahoo.com\/agora\/unione-europea-bonino-porro\/\">l sito ha pubblicato il mio pezzullo affiancato a quello di Emma Bonino<\/a>.<br \/>\nSono andato a vedermelo. C&#8217;\u00e8 chiaramente un refuso alla terza, quarta riga. Il pezzo non \u00e8 per la verit\u00e0 dei pi\u00f9 brillanti: mi dovevo impegnare di pi\u00f9. A parte questo, sono rimasto colpito dai commenti. Sia quelli rivolti al mio pezzo sia quelli rivolti alla Bonino. Niente di trascendentale: in questa zuppa arrivano spesso insulti che non pubblico. Ma \u00e8 il principio. Il popolo dei commentatori \u00e8 veramente terrificante. Non si entra nel merito delle questioni, non si fanno critiche su ci\u00f2 che \u00e8 stato scritto. Ma si ragiona come tifosi: Porro fa schifo perch\u00e8 \u00e8 un servo del Cav. Oppure la Bonino \u00e8 disgustosa perch\u00e8 \u00e8 una radicale colpevole di chi sa quali crimini. Poche idee, nessun dialogo.<br \/>\nCari commensali teniamoci stretta la nostra zuppa. Il post precedente sulle pensioni \u00e8 emblematico. Ho ricevuto commenti generalmente ben fatti. I commensali si rispondono tra loro. Si dissente molto fortemente, anche. Ma si cerca di parlare. E il cuoco, forse non lo mostra a sufficienza, cerca di mettere alla prova le sue gramitiche certezze. Coltivando il dubbio, che \u00e8 la forza di ogni liberale.<br \/>\nEvviva i lettori della zuppa di Porro.<\/p>\n","protected":false},"excerpt":{"rendered":"<p><p>Al cuoco \u00e8 stato chiesto da Yahoo di scrivere un pezzullo sull&#8217;Europa. Tema piuttosto generico. Ma che ho cercato di svolgere al meglio. Il sito ha pubblicato il mio pezzullo affiancato a quello di Emma Bonino. Sono andato a vedermelo. C&#8217;\u00e8 chiaramente un refuso alla terza, quarta riga. Il pezzo non \u00e8 per la verit\u00e0 dei pi\u00f9 brillanti: mi dovevo impegnare di pi\u00f9. A parte questo, sono rimasto colpito dai commenti. Sia quelli rivolti al mio pezzo sia quelli rivolti alla Bonino. Niente di trascendentale: in questa zuppa arrivano spesso insulti che non pubblico. Ma \u00e8 il principio. Il popolo [&hellip;]<\/p>\n&nbsp;&nbsp;<div class=\"readmore\"><a href=\"https:\/\/blog.ilgiornale.it\/porro\/2011\/09\/01\/la-rete-e-gli-insulti\/\">Continua a leggere...<\/a><\/div><\/p>","protected":false},"author":11,"featured_media":0,"comment_status":"open","ping_status":"closed","sticky":false,"template":"","format":"standard","meta":[],"categories":[1],"tags":[5444],"_links":{"self":[{"href":"https:\/\/blog.ilgiornale.it\/porro\/wp-json\/wp\/v2\/posts\/415"}],"collection":[{"href":"https:\/\/blog.ilgiornale.it\/porro\/wp-json\/wp\/v2\/posts"}],"about":[{"href":"https:\/\/blog.ilgiornale.it\/porro\/wp-json\/wp\/v2\/types\/post"}],"author":[{"embeddable":true,"href":"https:\/\/blog.ilgiornale.it\/porro\/wp-json\/wp\/v2\/users\/11"}],"replies":[{"embeddable":true,"href":"https:\/\/blog.ilgiornale.it\/porro\/wp-json\/wp\/v2\/comments?post=415"}],"version-history":[{"count":2,"href":"https:\/\/blog.ilgiornale.it\/porro\/wp-json\/wp\/v2\/posts\/415\/revisions"}],"predecessor-version":[{"id":417,"href":"https:\/\/blog.ilgiornale.it\/porro\/wp-json\/wp\/v2\/posts\/415\/revisions\/417"}],"wp:attachment":[{"href":"https:\/\/blog.ilgiornale.it\/porro\/wp-json\/wp\/v2\/media?parent=415"}],"wp:term":[{"taxonomy":"category","embeddable":true,"href":"https:\/\/blog.ilgiornale.it\/porro\/wp-json\/wp\/v2\/categories?post=415"},{"taxonomy":"post_tag","embeddable":true,"href":"https:\/\/blog.ilgiornale.it\/porro\/wp-json\/wp\/v2\/tags?post=415"}],"curies":[{"name":"wp","href":"https:\/\/api.w.org\/{rel}","templated":true}]}}